{"id":5484,"date":"2018-08-18T08:55:05","date_gmt":"2018-08-18T14:55:05","guid":{"rendered":"http:\/\/gobernacionaltaverapaz.gob.gt\/?p=5484"},"modified":"2019-06-04T12:17:22","modified_gmt":"2019-06-04T18:17:22","slug":"mesa-tcnica-para-el-anlisis-de-la-poltica-de-conflictividad-agraria","status":"publish","type":"post","link":"https:\/\/gobernacionaltaverapaz.gob.gt\/?p=5484","title":{"rendered":"MESA T\u00c9CNICA PARA EL AN\u00c1LISIS DE LA POL\u00cdTICA DE CONFLICTIVIDAD AGRARIA"},"content":{"rendered":"<p style=\"text-align: justify;\">El 15 de agosto, se estableci\u00f3 una \u201cMesa t\u00e9cnica para el an\u00e1lisis de la pol\u00edtica de conflictividad agraria\u201d; con el objetivo de coordinar acciones en el marco de la prevenci\u00f3n de la conflictividad social en el departamento de Alta Verapaz.<\/p>\n<p>&nbsp;<\/p>\n<div><\/div>\n","protected":false},"excerpt":{"rendered":"<p>Con el objetivo de coordinar acciones en el marco de la prevenci\u00f3n de la conflictividad social en el departamento de Alta Verapaz.<\/p>\n","protected":false},"author":1,"featured_media":5455,"comment_status":"closed","ping_status":"open","sticky":false,"template":"","format":"gallery","meta":[],"categories":[191,199],"tags":[],"_links":{"self":[{"href":"https:\/\/gobernacionaltaverapaz.gob.gt\/index.php?rest_route=\/wp\/v2\/posts\/5484"}],"collection":[{"href":"https:\/\/gobernacionaltaverapaz.gob.gt\/index.php?rest_route=\/wp\/v2\/posts"}],"about":[{"href":"https:\/\/gobernacionaltaverapaz.gob.gt\/index.php?rest_route=\/wp\/v2\/types\/post"}],"author":[{"embeddable":true,"href":"https:\/\/gobernacionaltaverapaz.gob.gt\/index.php?rest_route=\/wp\/v2\/users\/1"}],"replies":[{"embeddable":true,"href":"https:\/\/gobernacionaltaverapaz.gob.gt\/index.php?rest_route=%2Fwp%2Fv2%2Fcomments&post=5484"}],"version-history":[{"count":1,"href":"https:\/\/gobernacionaltaverapaz.gob.gt\/index.php?rest_route=\/wp\/v2\/posts\/5484\/revisions"}],"predecessor-version":[{"id":5485,"href":"https:\/\/gobernacionaltaverapaz.gob.gt\/index.php?rest_route=\/wp\/v2\/posts\/5484\/revisions\/5485"}],"wp:featuredmedia":[{"embeddable":true,"href":"https:\/\/gobernacionaltaverapaz.gob.gt\/index.php?rest_route=\/wp\/v2\/media\/5455"}],"wp:attachment":[{"href":"https:\/\/gobernacionaltaverapaz.gob.gt\/index.php?rest_route=%2Fwp%2Fv2%2Fmedia&parent=5484"}],"wp:term":[{"taxonomy":"category","embeddable":true,"href":"https:\/\/gobernacionaltaverapaz.gob.gt\/index.php?rest_route=%2Fwp%2Fv2%2Fcategories&post=5484"},{"taxonomy":"post_tag","embeddable":true,"href":"https:\/\/gobernacionaltaverapaz.gob.gt\/index.php?rest_route=%2Fwp%2Fv2%2Ftags&post=5484"}],"curies":[{"name":"wp","href":"https:\/\/api.w.org\/{rel}","templated":true}]}}