{"id":5488,"date":"2018-08-14T19:40:17","date_gmt":"2018-08-15T01:40:17","guid":{"rendered":"http:\/\/gobernacionaltaverapaz.gob.gt\/?p=5488"},"modified":"2019-06-04T13:02:55","modified_gmt":"2019-06-04T19:02:55","slug":"conmemoracin-del-da-internacional-de-la-juventud-de-los-pueblos-indgenas","status":"publish","type":"post","link":"https:\/\/gobernacionaltaverapaz.gob.gt\/?p=5488","title":{"rendered":"CONMEMORACI\u00d3N DEL D\u00cdA INTERNACIONAL DE LA JUVENTUD Y DE LOS PUEBLOS IND\u00cdGENAS"},"content":{"rendered":"<p style=\"text-align: justify;\">El 13 de agosto, en el parque central la Paz diferentes Centros Educativos conmemoraron el \u201cD\u00eda internacional de la Juventud y de los Pueblos Ind\u00edgenas\u201d; con presencia de diferentes instituciones gubernamentales y no gubernamentales.<\/p>\n<p style=\"text-align: justify;\">Para el efecto se desarrollaron diferentes actividades musicales y art\u00edsticas; as\u00ed como la socializaci\u00f3n de programas que las distintas instituciones trabajan en el tema de ni\u00f1ez y juventud.<\/p>\n<p>&nbsp;<\/p>\n<div><\/div>\n","protected":false},"excerpt":{"rendered":"<p>Para el efecto se desarrollaron diferentes actividades musicales y art\u00edsticas; as\u00ed como la socializaci\u00f3n de programas que las distintas instituciones trabajan en el tema de ni\u00f1ez y juventud.<\/p>\n","protected":false},"author":1,"featured_media":5489,"comment_status":"closed","ping_status":"open","sticky":false,"template":"","format":"gallery","meta":[],"categories":[183,2,199,194],"tags":[],"_links":{"self":[{"href":"https:\/\/gobernacionaltaverapaz.gob.gt\/index.php?rest_route=\/wp\/v2\/posts\/5488"}],"collection":[{"href":"https:\/\/gobernacionaltaverapaz.gob.gt\/index.php?rest_route=\/wp\/v2\/posts"}],"about":[{"href":"https:\/\/gobernacionaltaverapaz.gob.gt\/index.php?rest_route=\/wp\/v2\/types\/post"}],"author":[{"embeddable":true,"href":"https:\/\/gobernacionaltaverapaz.gob.gt\/index.php?rest_route=\/wp\/v2\/users\/1"}],"replies":[{"embeddable":true,"href":"https:\/\/gobernacionaltaverapaz.gob.gt\/index.php?rest_route=%2Fwp%2Fv2%2Fcomments&post=5488"}],"version-history":[{"count":2,"href":"https:\/\/gobernacionaltaverapaz.gob.gt\/index.php?rest_route=\/wp\/v2\/posts\/5488\/revisions"}],"predecessor-version":[{"id":5523,"href":"https:\/\/gobernacionaltaverapaz.gob.gt\/index.php?rest_route=\/wp\/v2\/posts\/5488\/revisions\/5523"}],"wp:featuredmedia":[{"embeddable":true,"href":"https:\/\/gobernacionaltaverapaz.gob.gt\/index.php?rest_route=\/wp\/v2\/media\/5489"}],"wp:attachment":[{"href":"https:\/\/gobernacionaltaverapaz.gob.gt\/index.php?rest_route=%2Fwp%2Fv2%2Fmedia&parent=5488"}],"wp:term":[{"taxonomy":"category","embeddable":true,"href":"https:\/\/gobernacionaltaverapaz.gob.gt\/index.php?rest_route=%2Fwp%2Fv2%2Fcategories&post=5488"},{"taxonomy":"post_tag","embeddable":true,"href":"https:\/\/gobernacionaltaverapaz.gob.gt\/index.php?rest_route=%2Fwp%2Fv2%2Ftags&post=5488"}],"curies":[{"name":"wp","href":"https:\/\/api.w.org\/{rel}","templated":true}]}}