{"id":5526,"date":"2018-08-07T12:04:22","date_gmt":"2018-08-07T18:04:22","guid":{"rendered":"http:\/\/gobernacionaltaverapaz.gob.gt\/?p=5526"},"modified":"2019-06-04T14:30:07","modified_gmt":"2019-06-04T20:30:07","slug":"seguimiento-supervisin-al-proceso-de-censo-de-poblacin-vivienda-2018","status":"publish","type":"post","link":"https:\/\/gobernacionaltaverapaz.gob.gt\/?p=5526","title":{"rendered":"SEGUIMIENTO Y SUPERVISI\u00d3N AL PROCESO DE &#8220;CENSO DE POBLACI\u00d3N Y VIVIENDA 2018&#8221;"},"content":{"rendered":"<p style=\"text-align: justify;\">Gobernaci\u00f3n Departamental de Alta Verapaz por medio del se\u00f1or Gobernador; Lic. Erik Nolberto Guerrero Milian, brinda seguimiento y supervisi\u00f3n constante al proceso del \u201cCenso de Poblaci\u00f3n y Vivienda 2018\u201d.<\/p>\n<p style=\"text-align: justify;\">Derivado de lo anterior; se le pide a las instituciones p\u00fablicas, aut\u00f3nomas, semis aut\u00f3nomas y descentralizadas que pregunten a sus colaboradores si ya fueron censados, con el fin de hacer un llamado a la ciudadan\u00eda para que brinden una apertura al censo 2018.<\/p>\n<p>&nbsp;<\/p>\n<div><\/div>\n","protected":false},"excerpt":{"rendered":"<p>Derivado de lo anterior; se le pide a las instituciones p\u00fablicas, aut\u00f3nomas, semis aut\u00f3nomas y descentralizadas que pregunten a sus colaboradores si ya fueron censados, con el fin de hacer un llamado a la ciudadan\u00eda para que brinden una apertura al censo 2018.<\/p>\n","protected":false},"author":1,"featured_media":5505,"comment_status":"closed","ping_status":"open","sticky":false,"template":"","format":"gallery","meta":[],"categories":[183,199,194],"tags":[],"_links":{"self":[{"href":"https:\/\/gobernacionaltaverapaz.gob.gt\/index.php?rest_route=\/wp\/v2\/posts\/5526"}],"collection":[{"href":"https:\/\/gobernacionaltaverapaz.gob.gt\/index.php?rest_route=\/wp\/v2\/posts"}],"about":[{"href":"https:\/\/gobernacionaltaverapaz.gob.gt\/index.php?rest_route=\/wp\/v2\/types\/post"}],"author":[{"embeddable":true,"href":"https:\/\/gobernacionaltaverapaz.gob.gt\/index.php?rest_route=\/wp\/v2\/users\/1"}],"replies":[{"embeddable":true,"href":"https:\/\/gobernacionaltaverapaz.gob.gt\/index.php?rest_route=%2Fwp%2Fv2%2Fcomments&post=5526"}],"version-history":[{"count":1,"href":"https:\/\/gobernacionaltaverapaz.gob.gt\/index.php?rest_route=\/wp\/v2\/posts\/5526\/revisions"}],"predecessor-version":[{"id":5527,"href":"https:\/\/gobernacionaltaverapaz.gob.gt\/index.php?rest_route=\/wp\/v2\/posts\/5526\/revisions\/5527"}],"wp:featuredmedia":[{"embeddable":true,"href":"https:\/\/gobernacionaltaverapaz.gob.gt\/index.php?rest_route=\/wp\/v2\/media\/5505"}],"wp:attachment":[{"href":"https:\/\/gobernacionaltaverapaz.gob.gt\/index.php?rest_route=%2Fwp%2Fv2%2Fmedia&parent=5526"}],"wp:term":[{"taxonomy":"category","embeddable":true,"href":"https:\/\/gobernacionaltaverapaz.gob.gt\/index.php?rest_route=%2Fwp%2Fv2%2Fcategories&post=5526"},{"taxonomy":"post_tag","embeddable":true,"href":"https:\/\/gobernacionaltaverapaz.gob.gt\/index.php?rest_route=%2Fwp%2Fv2%2Ftags&post=5526"}],"curies":[{"name":"wp","href":"https:\/\/api.w.org\/{rel}","templated":true}]}}