{"id":5528,"date":"2018-08-05T13:45:46","date_gmt":"2018-08-05T19:45:46","guid":{"rendered":"http:\/\/gobernacionaltaverapaz.gob.gt\/?p=5528"},"modified":"2019-06-04T14:41:37","modified_gmt":"2019-06-04T20:41:37","slug":"acercamiento-para-iniciar-proceso-de-gestin-coordinacin-para-la-implementacin-de-centro-educativo-para-la-regin-poqomchi","status":"publish","type":"post","link":"https:\/\/gobernacionaltaverapaz.gob.gt\/?p=5528","title":{"rendered":"ACERCAMIENTO PARA INICIAR PROCESO DE GESTI\u00d3N Y COORDINACI\u00d3N PARA LA IMPLEMENTACI\u00d3N DE UN CENTRO EDUCATIVO PARA LA REGI\u00d3N POQOMCHI&#8217;"},"content":{"rendered":"<p style=\"text-align: justify;\">El d\u00eda viernes 03 de Agosto, la Licda. Mar\u00eda Roselia Pop, de la Defensor\u00eda de la Mujer Ind\u00edgena junto a l\u00edderes de Alta Verapaz, tuvieron acercamiento con el Lic. Erik Nolberto Guerrero Milian, Gobernador Departamental, para iniciar proceso de gesti\u00f3n y coordinaci\u00f3n para la implementaci\u00f3n de un centro educativo para la regi\u00f3n Poqomchi\u2019 a trav\u00e9s de TALITA KUMI, as\u00ed mismo se plante\u00f3 darle seguimiento y respaldo a las gestiones de la institucionalidad ind\u00edgena del estado.<\/p>\n<p>&nbsp;<\/p>\n<div><\/div>\n","protected":false},"excerpt":{"rendered":"<p>As\u00ed mismo se plante\u00f3 darle seguimiento y respaldo a las gestiones de la institucionalidad ind\u00edgena del estado.<\/p>\n","protected":false},"author":1,"featured_media":5516,"comment_status":"closed","ping_status":"open","sticky":false,"template":"","format":"gallery","meta":[],"categories":[183,2,199,194],"tags":[],"_links":{"self":[{"href":"https:\/\/gobernacionaltaverapaz.gob.gt\/index.php?rest_route=\/wp\/v2\/posts\/5528"}],"collection":[{"href":"https:\/\/gobernacionaltaverapaz.gob.gt\/index.php?rest_route=\/wp\/v2\/posts"}],"about":[{"href":"https:\/\/gobernacionaltaverapaz.gob.gt\/index.php?rest_route=\/wp\/v2\/types\/post"}],"author":[{"embeddable":true,"href":"https:\/\/gobernacionaltaverapaz.gob.gt\/index.php?rest_route=\/wp\/v2\/users\/1"}],"replies":[{"embeddable":true,"href":"https:\/\/gobernacionaltaverapaz.gob.gt\/index.php?rest_route=%2Fwp%2Fv2%2Fcomments&post=5528"}],"version-history":[{"count":2,"href":"https:\/\/gobernacionaltaverapaz.gob.gt\/index.php?rest_route=\/wp\/v2\/posts\/5528\/revisions"}],"predecessor-version":[{"id":5530,"href":"https:\/\/gobernacionaltaverapaz.gob.gt\/index.php?rest_route=\/wp\/v2\/posts\/5528\/revisions\/5530"}],"wp:featuredmedia":[{"embeddable":true,"href":"https:\/\/gobernacionaltaverapaz.gob.gt\/index.php?rest_route=\/wp\/v2\/media\/5516"}],"wp:attachment":[{"href":"https:\/\/gobernacionaltaverapaz.gob.gt\/index.php?rest_route=%2Fwp%2Fv2%2Fmedia&parent=5528"}],"wp:term":[{"taxonomy":"category","embeddable":true,"href":"https:\/\/gobernacionaltaverapaz.gob.gt\/index.php?rest_route=%2Fwp%2Fv2%2Fcategories&post=5528"},{"taxonomy":"post_tag","embeddable":true,"href":"https:\/\/gobernacionaltaverapaz.gob.gt\/index.php?rest_route=%2Fwp%2Fv2%2Ftags&post=5528"}],"curies":[{"name":"wp","href":"https:\/\/api.w.org\/{rel}","templated":true}]}}