{"id":5544,"date":"2018-07-29T15:11:16","date_gmt":"2018-07-29T21:11:16","guid":{"rendered":"http:\/\/gobernacionaltaverapaz.gob.gt\/?p=5544"},"modified":"2019-06-04T16:13:42","modified_gmt":"2019-06-04T22:13:42","slug":"acuerdo-con-artesanas-para-la-estada-frente-al-palacio-de-gobernacin","status":"publish","type":"post","link":"https:\/\/gobernacionaltaverapaz.gob.gt\/?p=5544","title":{"rendered":"ACUERDO CON ARTESANAS PARA LA ESTAD\u00cdA FRENTE AL PALACIO DE GOBERNACI\u00d3N"},"content":{"rendered":"<p>En un acto organizado por las se\u00f1oras artesanas de Coban, A.V. Con la presencia del Gobernador Departamental, Lic. Erick Nolberto Guerrero Milian, se formula un acuerdo de dos a\u00f1os de estad\u00eda frente al palacio de Gobernaci\u00f3n, para poder ofrecer productos propios de la cultura altaverapacense de una manera accesible para los ciudadanos.<\/p>\n<p>&nbsp;<\/p>\n<div><\/div>\n","protected":false},"excerpt":{"rendered":"<p>Para poder ofrecer productos propios de la cultura altaverapacense de una manera accesible para los ciudadanos.<\/p>\n","protected":false},"author":1,"featured_media":5532,"comment_status":"closed","ping_status":"open","sticky":false,"template":"","format":"gallery","meta":[],"categories":[183,7,199],"tags":[],"_links":{"self":[{"href":"https:\/\/gobernacionaltaverapaz.gob.gt\/index.php?rest_route=\/wp\/v2\/posts\/5544"}],"collection":[{"href":"https:\/\/gobernacionaltaverapaz.gob.gt\/index.php?rest_route=\/wp\/v2\/posts"}],"about":[{"href":"https:\/\/gobernacionaltaverapaz.gob.gt\/index.php?rest_route=\/wp\/v2\/types\/post"}],"author":[{"embeddable":true,"href":"https:\/\/gobernacionaltaverapaz.gob.gt\/index.php?rest_route=\/wp\/v2\/users\/1"}],"replies":[{"embeddable":true,"href":"https:\/\/gobernacionaltaverapaz.gob.gt\/index.php?rest_route=%2Fwp%2Fv2%2Fcomments&post=5544"}],"version-history":[{"count":1,"href":"https:\/\/gobernacionaltaverapaz.gob.gt\/index.php?rest_route=\/wp\/v2\/posts\/5544\/revisions"}],"predecessor-version":[{"id":5545,"href":"https:\/\/gobernacionaltaverapaz.gob.gt\/index.php?rest_route=\/wp\/v2\/posts\/5544\/revisions\/5545"}],"wp:featuredmedia":[{"embeddable":true,"href":"https:\/\/gobernacionaltaverapaz.gob.gt\/index.php?rest_route=\/wp\/v2\/media\/5532"}],"wp:attachment":[{"href":"https:\/\/gobernacionaltaverapaz.gob.gt\/index.php?rest_route=%2Fwp%2Fv2%2Fmedia&parent=5544"}],"wp:term":[{"taxonomy":"category","embeddable":true,"href":"https:\/\/gobernacionaltaverapaz.gob.gt\/index.php?rest_route=%2Fwp%2Fv2%2Fcategories&post=5544"},{"taxonomy":"post_tag","embeddable":true,"href":"https:\/\/gobernacionaltaverapaz.gob.gt\/index.php?rest_route=%2Fwp%2Fv2%2Ftags&post=5544"}],"curies":[{"name":"wp","href":"https:\/\/api.w.org\/{rel}","templated":true}]}}