{"id":5551,"date":"2019-06-04T14:25:54","date_gmt":"2019-06-04T20:25:54","guid":{"rendered":"http:\/\/gobernacionaltaverapaz.gob.gt\/?p=5551"},"modified":"2019-06-05T10:07:43","modified_gmt":"2019-06-05T16:07:43","slug":"activacin-plan-nacional-de-prevencin-de-embarazos-en-adolescentes-planea-en-el-municipio-de-san-pedro-carch","status":"publish","type":"post","link":"https:\/\/gobernacionaltaverapaz.gob.gt\/?p=5551","title":{"rendered":"ACTIVACI\u00d3N PLAN NACIONAL DE PREVENCI\u00d3N DE EMBARAZOS EN ADOLESCENTES -PLANEA- EN EL MUNICIPIO DE SAN PEDRO CARCH\u00c1"},"content":{"rendered":"<div id=\"fb-root\"><\/div><script>(function(d, s, id) {  var js, fjs = d.getElementsByTagName(s)[0];  if (d.getElementById(id)) return;  js = d.createElement(s); js.id = id;  js.src = \"\/\/connect.facebook.net\/en_US\/sdk.js#xfbml=1&version=v2.3\";  fjs.parentNode.insertBefore(js, fjs);}(document, 'script', 'facebook-jssdk'));<\/script><div class=\"fb-video\" data-allowfullscreen=\"true\" data-href=\"\/\/www.facebook.com\/video.php?v=2261638687255925\" data-width=\"900\"><\/div>\n<p>&nbsp;<\/p>\n<p style=\"text-align: justify;\">En este municipio se realiz\u00f3 la Activaci\u00f3n Plan Nacional de Prevenci\u00f3n de Embarazos en Adolescentes -PLANEA-.<\/p>\n<p style=\"text-align: justify;\">Dentro del recorrido en las principales calles del municipio, se logr\u00f3 observar carteles en rechazo y conciencia a las adolescentes a lograr establecer un proyecto de vida, de manera a disfrutar cada etapa de la juventud y lograr las metas propuestas.<\/p>\n<p style=\"text-align: justify;\">El plan -PLANEA-, incluye intervenciones a ser ejecutadas y apoyadas desde las diversas instancias de car\u00e1cter p\u00fablico, incluso las instancias gubernamentales responsables de la coordinaci\u00f3n en materia de juventud.<\/p>\n<p style=\"text-align: justify;\">Este municipio priorizado con 1,301 adolescentes de 10 a 19 a\u00f1os, durante enero a diciembre del 2018.<\/p>\n<p style=\"text-align: justify;\">Presentes; GOBERNACI\u00d3N, EDUCACI\u00d3N, SALUD, MIDES, UPCV, PLAN INTERNACIONAL, PAZ JOVEN, REFUGIO DE LA NI\u00d1EZ Y CAP CAMPUR.<\/p>\n<div><\/div>\n<p>&nbsp;<\/p>\n<p><a href=\"https:\/\/www.facebook.com\/GobernacionAV\/photos\/pcb.822440721471859\/822424291473502\/?type=3&amp;theater\" target=\"_blank\" rel=\"noopener\"><img decoding=\"async\" loading=\"lazy\" class=\"alignnone wp-image-3872\" title=\"Ver galer\u00eda en Facebook\" src=\"http:\/\/gobernacionaltaverapaz.gob.gt\/wp-content\/uploads\/2019\/05\/boton-galeria_fotos-150x150-300x99.jpg\" alt=\"\" width=\"200\" height=\"66\" \/><\/a><\/p>\n","protected":false},"excerpt":{"rendered":"<p>Dentro del recorrido en las principales calles del municipio, se logr\u00f3 observar carteles en rechazo y conciencia a las adolescentes a lograr establecer un proyecto de vida, de manera a disfrutar cada etapa de la juventud y lograr las metas propuestas.<\/p>\n","protected":false},"author":1,"featured_media":5546,"comment_status":"closed","ping_status":"open","sticky":false,"template":"","format":"video","meta":[],"categories":[183,199,194,5],"tags":[178],"_links":{"self":[{"href":"https:\/\/gobernacionaltaverapaz.gob.gt\/index.php?rest_route=\/wp\/v2\/posts\/5551"}],"collection":[{"href":"https:\/\/gobernacionaltaverapaz.gob.gt\/index.php?rest_route=\/wp\/v2\/posts"}],"about":[{"href":"https:\/\/gobernacionaltaverapaz.gob.gt\/index.php?rest_route=\/wp\/v2\/types\/post"}],"author":[{"embeddable":true,"href":"https:\/\/gobernacionaltaverapaz.gob.gt\/index.php?rest_route=\/wp\/v2\/users\/1"}],"replies":[{"embeddable":true,"href":"https:\/\/gobernacionaltaverapaz.gob.gt\/index.php?rest_route=%2Fwp%2Fv2%2Fcomments&post=5551"}],"version-history":[{"count":2,"href":"https:\/\/gobernacionaltaverapaz.gob.gt\/index.php?rest_route=\/wp\/v2\/posts\/5551\/revisions"}],"predecessor-version":[{"id":5553,"href":"https:\/\/gobernacionaltaverapaz.gob.gt\/index.php?rest_route=\/wp\/v2\/posts\/5551\/revisions\/5553"}],"wp:featuredmedia":[{"embeddable":true,"href":"https:\/\/gobernacionaltaverapaz.gob.gt\/index.php?rest_route=\/wp\/v2\/media\/5546"}],"wp:attachment":[{"href":"https:\/\/gobernacionaltaverapaz.gob.gt\/index.php?rest_route=%2Fwp%2Fv2%2Fmedia&parent=5551"}],"wp:term":[{"taxonomy":"category","embeddable":true,"href":"https:\/\/gobernacionaltaverapaz.gob.gt\/index.php?rest_route=%2Fwp%2Fv2%2Fcategories&post=5551"},{"taxonomy":"post_tag","embeddable":true,"href":"https:\/\/gobernacionaltaverapaz.gob.gt\/index.php?rest_route=%2Fwp%2Fv2%2Ftags&post=5551"}],"curies":[{"name":"wp","href":"https:\/\/api.w.org\/{rel}","templated":true}]}}