{"id":5594,"date":"2018-07-24T15:46:55","date_gmt":"2018-07-24T21:46:55","guid":{"rendered":"http:\/\/gobernacionaltaverapaz.gob.gt\/?p=5594"},"modified":"2019-06-05T09:37:46","modified_gmt":"2019-06-05T15:37:46","slug":"reunin-con-vendedoras-de-artesanas","status":"publish","type":"post","link":"https:\/\/gobernacionaltaverapaz.gob.gt\/?p=5594","title":{"rendered":"REUNI\u00d3N CON VENDEDORAS DE ARTESAN\u00cdAS"},"content":{"rendered":"<p style=\"text-align: justify;\">En una reuni\u00f3n sostenida el d\u00eda de ayer en el sal\u00f3n de sesiones de Gobernaci\u00f3n Departamental el Lic. Erik Nolberto Guerrero Mili\u00e1n, Gobernador Departamental solucion\u00f3 el conflicto que un grupo de artesanas ten\u00edan para exponer y vender sus productos en el corredor del palacio Departamental de Gobernaci\u00f3n.<\/p>\n<p style=\"text-align: justify;\">El se\u00f1or Gobernador, dialog\u00f3 con las vendedoras de artesan\u00edas, que anteriormente se instalaban fines de semana y d\u00edas festivos en el corredor del Palacio Departamental de Gobernaci\u00f3n, a quienes les resolvi\u00f3 que podr\u00e1n retornar sus productos para la venta en ese espacio.<\/p>\n<p style=\"text-align: justify;\">El se\u00f1or Gobernador, manifest\u00f3: \u201cEllas tienen el derecho de exponer sus ventas en este pueblo tan maravilloso para todos los turistas locales y extranjeros, hemos acordado algunos compromisos como: mantener limpias las \u00e1reas de venta y la creaci\u00f3n de espacios para que la poblaci\u00f3n pueda movilizarse, es importante que conozcan nuestra cultura; adem\u00e1s resalt\u00f3 que no se puede quitar las oportunidades de trabajo\u201d, Concluy\u00f3.<\/p>\n","protected":false},"excerpt":{"rendered":"<p>En la cual se solucion\u00f3 el conflicto que un grupo de artesanas ten\u00edan para exponer y vender sus productos en el corredor del palacio Departamental de Gobernaci\u00f3n.<\/p>\n","protected":false},"author":1,"featured_media":5596,"comment_status":"closed","ping_status":"open","sticky":false,"template":"","format":"standard","meta":[],"categories":[183,7,199,194],"tags":[],"_links":{"self":[{"href":"https:\/\/gobernacionaltaverapaz.gob.gt\/index.php?rest_route=\/wp\/v2\/posts\/5594"}],"collection":[{"href":"https:\/\/gobernacionaltaverapaz.gob.gt\/index.php?rest_route=\/wp\/v2\/posts"}],"about":[{"href":"https:\/\/gobernacionaltaverapaz.gob.gt\/index.php?rest_route=\/wp\/v2\/types\/post"}],"author":[{"embeddable":true,"href":"https:\/\/gobernacionaltaverapaz.gob.gt\/index.php?rest_route=\/wp\/v2\/users\/1"}],"replies":[{"embeddable":true,"href":"https:\/\/gobernacionaltaverapaz.gob.gt\/index.php?rest_route=%2Fwp%2Fv2%2Fcomments&post=5594"}],"version-history":[{"count":1,"href":"https:\/\/gobernacionaltaverapaz.gob.gt\/index.php?rest_route=\/wp\/v2\/posts\/5594\/revisions"}],"predecessor-version":[{"id":5597,"href":"https:\/\/gobernacionaltaverapaz.gob.gt\/index.php?rest_route=\/wp\/v2\/posts\/5594\/revisions\/5597"}],"wp:featuredmedia":[{"embeddable":true,"href":"https:\/\/gobernacionaltaverapaz.gob.gt\/index.php?rest_route=\/wp\/v2\/media\/5596"}],"wp:attachment":[{"href":"https:\/\/gobernacionaltaverapaz.gob.gt\/index.php?rest_route=%2Fwp%2Fv2%2Fmedia&parent=5594"}],"wp:term":[{"taxonomy":"category","embeddable":true,"href":"https:\/\/gobernacionaltaverapaz.gob.gt\/index.php?rest_route=%2Fwp%2Fv2%2Fcategories&post=5594"},{"taxonomy":"post_tag","embeddable":true,"href":"https:\/\/gobernacionaltaverapaz.gob.gt\/index.php?rest_route=%2Fwp%2Fv2%2Ftags&post=5594"}],"curies":[{"name":"wp","href":"https:\/\/api.w.org\/{rel}","templated":true}]}}