{"id":5598,"date":"2018-07-23T10:23:19","date_gmt":"2018-07-23T16:23:19","guid":{"rendered":"http:\/\/gobernacionaltaverapaz.gob.gt\/?p=5598"},"modified":"2019-06-05T09:52:48","modified_gmt":"2019-06-05T15:52:48","slug":"lanzamiento-del-xii-censo-nacional-de-poblacin-vii-de-vivienda","status":"publish","type":"post","link":"https:\/\/gobernacionaltaverapaz.gob.gt\/?p=5598","title":{"rendered":"LANZAMIENTO DEL XII CENSO NACIONAL DE POBLACI\u00d3N Y VII DE VIVIENDA"},"content":{"rendered":"<p style=\"text-align: justify;\">En la primera actividad p\u00fablica como Gobernador Departamental, el Lic. Erik Nolberto Guerrero Mili\u00e1n particip\u00f3 en el &#8220;Lanzamiento del XII Censo Nacional de Poblaci\u00f3n y VII de Vivienda&#8221; a realizarse en el departamento.<\/p>\n<p style=\"text-align: justify;\">En su intervenci\u00f3n el Sr. Gobernador manifest\u00f3 &#8220;Hagamos un buen trabajo y esforc\u00e9monos, para que el censo sea el mejor en la historia de nuestro pa\u00eds. Debemos tomar el censo con mucha seriedad para que el beneficio sea para nuestro pa\u00eds&#8221;. Concluy\u00f3.<\/p>\n<p style=\"text-align: justify;\">En la actividad se hicieron presentes: Jefes institucionales, personal del Instituto Nacional de Estad\u00edstica y el Alcalde de Cob\u00e1n.<\/p>\n<p style=\"text-align: justify;\">Datos importantes:<\/p>\n<p style=\"text-align: justify;\">\u00bfQu\u00e9 es el censo de poblaci\u00f3n?<br \/>\nEs un conjunto de operaciones que recoge, recopila, eval\u00faa, analiza y publica datos demogr\u00e1ficos, econ\u00f3micos y sociales relativos a todos los habitantes de un pa\u00eds, en un momento determinado.<\/p>\n<p style=\"text-align: justify;\">\u00bfQu\u00e9 es el censo de vivienda?<br \/>\nEs un conjunto de operaciones que recoge, recopila, eval\u00faa, analiza y publica datos estad\u00edsticos relativos a todas las estructuras de habitaci\u00f3n y a sus ocupantes en un pa\u00eds, en un momento determinado.<\/p>\n<p style=\"text-align: justify;\">El Censo se estar\u00e1 realizando en nuestro departamento del 23 de julio al 16 de agosto del presente a\u00f1o.<\/p>\n<p>&nbsp;<\/p>\n<div><\/div>\n","protected":false},"excerpt":{"rendered":"<p>El Censo se estar\u00e1 realizando en nuestro departamento del 23 de julio al 16 de agosto del presente a\u00f1o.<\/p>\n","protected":false},"author":1,"featured_media":5569,"comment_status":"closed","ping_status":"open","sticky":false,"template":"","format":"gallery","meta":[],"categories":[183,199,194],"tags":[],"_links":{"self":[{"href":"https:\/\/gobernacionaltaverapaz.gob.gt\/index.php?rest_route=\/wp\/v2\/posts\/5598"}],"collection":[{"href":"https:\/\/gobernacionaltaverapaz.gob.gt\/index.php?rest_route=\/wp\/v2\/posts"}],"about":[{"href":"https:\/\/gobernacionaltaverapaz.gob.gt\/index.php?rest_route=\/wp\/v2\/types\/post"}],"author":[{"embeddable":true,"href":"https:\/\/gobernacionaltaverapaz.gob.gt\/index.php?rest_route=\/wp\/v2\/users\/1"}],"replies":[{"embeddable":true,"href":"https:\/\/gobernacionaltaverapaz.gob.gt\/index.php?rest_route=%2Fwp%2Fv2%2Fcomments&post=5598"}],"version-history":[{"count":1,"href":"https:\/\/gobernacionaltaverapaz.gob.gt\/index.php?rest_route=\/wp\/v2\/posts\/5598\/revisions"}],"predecessor-version":[{"id":5599,"href":"https:\/\/gobernacionaltaverapaz.gob.gt\/index.php?rest_route=\/wp\/v2\/posts\/5598\/revisions\/5599"}],"wp:featuredmedia":[{"embeddable":true,"href":"https:\/\/gobernacionaltaverapaz.gob.gt\/index.php?rest_route=\/wp\/v2\/media\/5569"}],"wp:attachment":[{"href":"https:\/\/gobernacionaltaverapaz.gob.gt\/index.php?rest_route=%2Fwp%2Fv2%2Fmedia&parent=5598"}],"wp:term":[{"taxonomy":"category","embeddable":true,"href":"https:\/\/gobernacionaltaverapaz.gob.gt\/index.php?rest_route=%2Fwp%2Fv2%2Fcategories&post=5598"},{"taxonomy":"post_tag","embeddable":true,"href":"https:\/\/gobernacionaltaverapaz.gob.gt\/index.php?rest_route=%2Fwp%2Fv2%2Ftags&post=5598"}],"curies":[{"name":"wp","href":"https:\/\/api.w.org\/{rel}","templated":true}]}}