{"id":5624,"date":"2019-06-05T12:47:22","date_gmt":"2019-06-05T18:47:22","guid":{"rendered":"http:\/\/gobernacionaltaverapaz.gob.gt\/?p=5624"},"modified":"2019-06-06T08:34:50","modified_gmt":"2019-06-06T14:34:50","slug":"inauguracin-jornada-de-donacin-de-sillas-de-ruedas-en-el-municipio-de-san-pedro-carch","status":"publish","type":"post","link":"https:\/\/gobernacionaltaverapaz.gob.gt\/?p=5624","title":{"rendered":"INAUGURACI\u00d3N &#8220;JORNADA DE DONACI\u00d3N DE SILLAS DE RUEDAS&#8221; EN EL MUNICIPIO DE SAN PEDRO CARCH\u00c1"},"content":{"rendered":"<p style=\"text-align: justify;\">En este municipio se realiz\u00f3 Inauguraci\u00f3n \u201cJornada de Donaci\u00f3n de Silla de Ruedas&#8221;, contando con 285 sillas para personas de escasos recursos.<\/p>\n<p style=\"text-align: justify;\">La Organizaci\u00f3n donante -CALMS-, en coordinaci\u00f3n con; Secretaria de Obras Sociales de la Esposa del Presidente -SOSEP-, Alta Verapaz y la Direcci\u00f3n Municipal de la Mujer de San Pedro Carch\u00e1, se inaugur\u00f3 la entrega de 35 sillas para ni\u00f1os, 250 sillas para adultos, 15 bastones, 10 pares de muletas, 20 andadores y 300 biblias.<\/p>\n<p style=\"text-align: justify;\">Gob. M.A. Erik Nolberto Guerrero Milian, expreso agradecimiento; a la Sociedad de la Misi\u00f3n Luterana de Am\u00e9rica Central -CALMS-, por el aporte en pro de las familias, generando condiciones dignas de vida, a trav\u00e9s de la construcci\u00f3n de edificios para servicios comunitarios, jornadas m\u00e9dicas, capacitaci\u00f3n de l\u00edderes, j\u00f3venes y ni\u00f1os, entre otros, en el \u00e1rea rural de los municipios del departamento, con ello declaro como Hu\u00e9sped Distinguidas de Alta Verapaz a; Lori Newhouse, representante de -CALMS- y Ana Lily Schwendener Henstenberg.<\/p>\n<p style=\"text-align: justify;\">En la inauguraci\u00f3n participaron; 25 personas de -CALMS-, Municipalidad de San Pedro Carch\u00e1, Gob. M.A. Erik Nolberto Guerrero Milian y SOSEP Alta Verapaz.<\/p>\n<div><\/div>\n<p>&nbsp;<\/p>\n<p><a href=\"https:\/\/www.facebook.com\/GobernacionAV\/photos\/pcb.822445658138032\/822442514805013\/?type=3&amp;theater\" target=\"_blank\" rel=\"noopener\"><img decoding=\"async\" loading=\"lazy\" class=\"alignnone wp-image-3872\" title=\"Ver galer\u00eda en Facebook\" src=\"http:\/\/gobernacionaltaverapaz.gob.gt\/wp-content\/uploads\/2019\/05\/boton-galeria_fotos-150x150-300x99.jpg\" alt=\"\" width=\"200\" height=\"66\" \/><\/a><\/p>\n","protected":false},"excerpt":{"rendered":"<p>La Organizaci\u00f3n donante -CALMS-, en coordinaci\u00f3n con; Secretaria de Obras Sociales de la Esposa del Presidente -SOSEP-, Alta Verapaz y la Direcci\u00f3n Municipal de la Mujer de San Pedro Carch\u00e1, se inaugur\u00f3 la entrega de 35 sillas para ni\u00f1os, 250 sillas para adultos, 15 bastones, 10 pares de muletas, 20 andadores y 300 biblias.<\/p>\n","protected":false},"author":1,"featured_media":5604,"comment_status":"closed","ping_status":"open","sticky":false,"template":"","format":"gallery","meta":[],"categories":[183,199,5,182],"tags":[178],"_links":{"self":[{"href":"https:\/\/gobernacionaltaverapaz.gob.gt\/index.php?rest_route=\/wp\/v2\/posts\/5624"}],"collection":[{"href":"https:\/\/gobernacionaltaverapaz.gob.gt\/index.php?rest_route=\/wp\/v2\/posts"}],"about":[{"href":"https:\/\/gobernacionaltaverapaz.gob.gt\/index.php?rest_route=\/wp\/v2\/types\/post"}],"author":[{"embeddable":true,"href":"https:\/\/gobernacionaltaverapaz.gob.gt\/index.php?rest_route=\/wp\/v2\/users\/1"}],"replies":[{"embeddable":true,"href":"https:\/\/gobernacionaltaverapaz.gob.gt\/index.php?rest_route=%2Fwp%2Fv2%2Fcomments&post=5624"}],"version-history":[{"count":1,"href":"https:\/\/gobernacionaltaverapaz.gob.gt\/index.php?rest_route=\/wp\/v2\/posts\/5624\/revisions"}],"predecessor-version":[{"id":5625,"href":"https:\/\/gobernacionaltaverapaz.gob.gt\/index.php?rest_route=\/wp\/v2\/posts\/5624\/revisions\/5625"}],"wp:featuredmedia":[{"embeddable":true,"href":"https:\/\/gobernacionaltaverapaz.gob.gt\/index.php?rest_route=\/wp\/v2\/media\/5604"}],"wp:attachment":[{"href":"https:\/\/gobernacionaltaverapaz.gob.gt\/index.php?rest_route=%2Fwp%2Fv2%2Fmedia&parent=5624"}],"wp:term":[{"taxonomy":"category","embeddable":true,"href":"https:\/\/gobernacionaltaverapaz.gob.gt\/index.php?rest_route=%2Fwp%2Fv2%2Fcategories&post=5624"},{"taxonomy":"post_tag","embeddable":true,"href":"https:\/\/gobernacionaltaverapaz.gob.gt\/index.php?rest_route=%2Fwp%2Fv2%2Ftags&post=5624"}],"curies":[{"name":"wp","href":"https:\/\/api.w.org\/{rel}","templated":true}]}}