{"id":5626,"date":"2019-06-05T14:53:27","date_gmt":"2019-06-05T20:53:27","guid":{"rendered":"http:\/\/gobernacionaltaverapaz.gob.gt\/?p=5626"},"modified":"2019-06-06T08:41:44","modified_gmt":"2019-06-06T14:41:44","slug":"investidura-de-la-nia-jefa-de-comisara-51-del-municipio-de-cobn","status":"publish","type":"post","link":"https:\/\/gobernacionaltaverapaz.gob.gt\/?p=5626","title":{"rendered":"INVESTIDURA DE LA &#8220;NI\u00d1A JEFA DE COMISAR\u00cdA 51&#8221; DEL MUNICIPIO DE COB\u00c1N"},"content":{"rendered":"<p style=\"text-align: justify;\">Se realiz\u00f3 la investidura de la &#8220;Jefa de Comisaria 51&#8221;, de esta cabecera departamental.<\/p>\n<p style=\"text-align: justify;\">Dentro de la Comisaria 51 de Cob\u00e1n se realiz\u00f3 la juramentaci\u00f3n de la ni\u00f1a Jefa Comisaria 51, Noem\u00ed Arenas Hern\u00e1ndez, estudiante de sexto primaria de la Escuela Oficial Rural Mixta Petet, Cob\u00e1n, A.V.<\/p>\n<p style=\"text-align: justify;\">Con el objetivo de involucrar a la ni\u00f1ez de los municipios, para formar parte de los proyectos en Prevenci\u00f3n al Delito y la Violencia, con la finalidad de crear espacios de participaci\u00f3n y de convivencia pacifica en ni\u00f1os y ni\u00f1as de Guatemala.<\/p>\n<p style=\"text-align: justify;\">Gob. M.A. Erik Nolberto Guerrero Milian, realiz\u00f3 un recorrido junto a la ni\u00f1a, dentro del palacio de Gobernaci\u00f3n Departamental, en los que se visit\u00f3 oficias, parques y museo, que se ubican en este edificio.<\/p>\n<div><\/div>\n<p>&nbsp;<\/p>\n<p><a href=\"https:\/\/www.facebook.com\/GobernacionAV\/photos\/pcb.823575898025008\/823539721361959\/?type=3&amp;theater\" target=\"_blank\" rel=\"noopener\"><img decoding=\"async\" loading=\"lazy\" class=\"alignnone wp-image-3872\" title=\"Ver galer\u00eda en Facebook\" src=\"http:\/\/gobernacionaltaverapaz.gob.gt\/wp-content\/uploads\/2019\/05\/boton-galeria_fotos-150x150-300x99.jpg\" alt=\"\" width=\"200\" height=\"66\" \/><\/a><\/p>\n","protected":false},"excerpt":{"rendered":"<p>Con el objetivo de involucrar a la ni\u00f1ez de los municipios, para formar parte de los proyectos en Prevenci\u00f3n al Delito y la Violencia, con la finalidad de crear espacios de participaci\u00f3n y de convivencia pacifica en ni\u00f1os y ni\u00f1as de Guatemala.<\/p>\n","protected":false},"author":1,"featured_media":5609,"comment_status":"closed","ping_status":"open","sticky":false,"template":"","format":"gallery","meta":[],"categories":[183,2,199,194],"tags":[178],"_links":{"self":[{"href":"https:\/\/gobernacionaltaverapaz.gob.gt\/index.php?rest_route=\/wp\/v2\/posts\/5626"}],"collection":[{"href":"https:\/\/gobernacionaltaverapaz.gob.gt\/index.php?rest_route=\/wp\/v2\/posts"}],"about":[{"href":"https:\/\/gobernacionaltaverapaz.gob.gt\/index.php?rest_route=\/wp\/v2\/types\/post"}],"author":[{"embeddable":true,"href":"https:\/\/gobernacionaltaverapaz.gob.gt\/index.php?rest_route=\/wp\/v2\/users\/1"}],"replies":[{"embeddable":true,"href":"https:\/\/gobernacionaltaverapaz.gob.gt\/index.php?rest_route=%2Fwp%2Fv2%2Fcomments&post=5626"}],"version-history":[{"count":2,"href":"https:\/\/gobernacionaltaverapaz.gob.gt\/index.php?rest_route=\/wp\/v2\/posts\/5626\/revisions"}],"predecessor-version":[{"id":5628,"href":"https:\/\/gobernacionaltaverapaz.gob.gt\/index.php?rest_route=\/wp\/v2\/posts\/5626\/revisions\/5628"}],"wp:featuredmedia":[{"embeddable":true,"href":"https:\/\/gobernacionaltaverapaz.gob.gt\/index.php?rest_route=\/wp\/v2\/media\/5609"}],"wp:attachment":[{"href":"https:\/\/gobernacionaltaverapaz.gob.gt\/index.php?rest_route=%2Fwp%2Fv2%2Fmedia&parent=5626"}],"wp:term":[{"taxonomy":"category","embeddable":true,"href":"https:\/\/gobernacionaltaverapaz.gob.gt\/index.php?rest_route=%2Fwp%2Fv2%2Fcategories&post=5626"},{"taxonomy":"post_tag","embeddable":true,"href":"https:\/\/gobernacionaltaverapaz.gob.gt\/index.php?rest_route=%2Fwp%2Fv2%2Ftags&post=5626"}],"curies":[{"name":"wp","href":"https:\/\/api.w.org\/{rel}","templated":true}]}}