{"id":5632,"date":"2019-06-06T13:55:30","date_gmt":"2019-06-06T19:55:30","guid":{"rendered":"http:\/\/gobernacionaltaverapaz.gob.gt\/?p=5632"},"modified":"2019-06-06T16:57:43","modified_gmt":"2019-06-06T22:57:43","slug":"felicidades-la-nia-jefa-de-distrito-de-la-polica-nacional-civil","status":"publish","type":"post","link":"https:\/\/gobernacionaltaverapaz.gob.gt\/?p=5632","title":{"rendered":"FELICIDADES A LA NI\u00d1A JEFA DE DISTRITO DE LA POLIC\u00cdA NACIONAL CIVIL"},"content":{"rendered":"<p style=\"text-align: justify;\">GOBERNACI\u00d3N DEPARTAMENTAL DE ALTA VERAPAZ.<\/p>\n<p style=\"text-align: justify;\">\u00a1FELICITA!<br \/>\nEnf\u00e1ticamente a la ni\u00f1a: Noem\u00ed Arenas Hern\u00e1ndez de 12 a\u00f1os de edad; quien particip\u00f3 y gan\u00f3 el d\u00eda de hoy 06 de Junio del a\u00f1o en curso, las elecciones para Jefa de Distrito de la Policia Nacional Civil, realizado en el departamento del Progreso.<\/p>\n","protected":false},"excerpt":{"rendered":"<p>Noem\u00ed Arenas Hern\u00e1ndez de 12 a\u00f1os de edad; quien particip\u00f3 y gan\u00f3 el d\u00eda de hoy 06 de Junio del a\u00f1o en curso, las elecciones para Jefa de Distrito de la Polic\u00eda Nacional Civil.<\/p>\n","protected":false},"author":1,"featured_media":5633,"comment_status":"closed","ping_status":"open","sticky":false,"template":"","format":"standard","meta":[],"categories":[183,2,199,194],"tags":[178],"_links":{"self":[{"href":"https:\/\/gobernacionaltaverapaz.gob.gt\/index.php?rest_route=\/wp\/v2\/posts\/5632"}],"collection":[{"href":"https:\/\/gobernacionaltaverapaz.gob.gt\/index.php?rest_route=\/wp\/v2\/posts"}],"about":[{"href":"https:\/\/gobernacionaltaverapaz.gob.gt\/index.php?rest_route=\/wp\/v2\/types\/post"}],"author":[{"embeddable":true,"href":"https:\/\/gobernacionaltaverapaz.gob.gt\/index.php?rest_route=\/wp\/v2\/users\/1"}],"replies":[{"embeddable":true,"href":"https:\/\/gobernacionaltaverapaz.gob.gt\/index.php?rest_route=%2Fwp%2Fv2%2Fcomments&post=5632"}],"version-history":[{"count":2,"href":"https:\/\/gobernacionaltaverapaz.gob.gt\/index.php?rest_route=\/wp\/v2\/posts\/5632\/revisions"}],"predecessor-version":[{"id":5635,"href":"https:\/\/gobernacionaltaverapaz.gob.gt\/index.php?rest_route=\/wp\/v2\/posts\/5632\/revisions\/5635"}],"wp:featuredmedia":[{"embeddable":true,"href":"https:\/\/gobernacionaltaverapaz.gob.gt\/index.php?rest_route=\/wp\/v2\/media\/5633"}],"wp:attachment":[{"href":"https:\/\/gobernacionaltaverapaz.gob.gt\/index.php?rest_route=%2Fwp%2Fv2%2Fmedia&parent=5632"}],"wp:term":[{"taxonomy":"category","embeddable":true,"href":"https:\/\/gobernacionaltaverapaz.gob.gt\/index.php?rest_route=%2Fwp%2Fv2%2Fcategories&post=5632"},{"taxonomy":"post_tag","embeddable":true,"href":"https:\/\/gobernacionaltaverapaz.gob.gt\/index.php?rest_route=%2Fwp%2Fv2%2Ftags&post=5632"}],"curies":[{"name":"wp","href":"https:\/\/api.w.org\/{rel}","templated":true}]}}