{"id":5641,"date":"2019-06-10T15:38:09","date_gmt":"2019-06-10T21:38:09","guid":{"rendered":"http:\/\/gobernacionaltaverapaz.gob.gt\/?p=5641"},"modified":"2019-06-12T08:27:18","modified_gmt":"2019-06-12T14:27:18","slug":"celebracin-del-da-mundial-del-medio-ambiente-tema-2019-contaminacin-del-aire","status":"publish","type":"post","link":"https:\/\/gobernacionaltaverapaz.gob.gt\/?p=5641","title":{"rendered":"CELEBRACI\u00d3N DEL D\u00cdA MUNDIAL DEL MEDIO AMBIENTE, TEMA 2019 &#8220;CONTAMINACI\u00d3N DEL AIRE&#8221;"},"content":{"rendered":"<p style=\"text-align: justify;\">D\u00eda Mundial del Medio Ambiente, tema 2019 &#8220;Contaminaci\u00f3n del Aire&#8221;.<\/p>\n<p style=\"text-align: justify;\">En las instalaciones del Comando Regional de Entrenamiento de Operaciones de Mantenimiento de Paz -CREOMPAZ-, se llev\u00f3 a cabo la celebraci\u00f3n del D\u00eda Mundial del Medio Ambiente.<\/p>\n<p style=\"text-align: justify;\">Dentro de la actividad se realiz\u00f3 la instalaci\u00f3n de una biobarda sobre el r\u00edo Cahab\u00f3n y la reforestaci\u00f3n a cargo de jefes institucionales y alumnos participantes.<\/p>\n<p style=\"text-align: justify;\">Cada D\u00eda Mundial del Medio Ambiente se centra en un tema con que concienciar al p\u00fablico sobre un asunto ambiental particularmente apremiante. El tema para 2019 gira en torno a la &#8220;Contaminaci\u00f3n del aire&#8221;; una llamada a la acci\u00f3n con que ayudar a combatir un grave problema que afecta a millones de personas en todo el mundo.<\/p>\n<p style=\"text-align: justify;\">Participaron; Escuela Rural Mixta Cooperativa Chicoj, Cob\u00e1n, Escuela Oficial Rural Mixta Sarbelio Mor\u00e1n Chinchilla, Cob\u00e1n, CREOMPAZ, Gob. M.A. Erik Nolberto Guerrero Milian, INAB, CONRED, CONAP, Municipalidad de Cob\u00e1n y MARN.<\/p>\n<div><\/div>\n<p>&nbsp;<\/p>\n<p><a href=\"https:\/\/www.facebook.com\/GobernacionAV\/photos\/pcb.826447311071200\/826437071072224\/?type=3&amp;theater\" target=\"_blank\" rel=\"noopener\"><img decoding=\"async\" loading=\"lazy\" class=\"alignnone wp-image-3872\" title=\"Ver galer\u00eda en Facebook\" src=\"http:\/\/gobernacionaltaverapaz.gob.gt\/wp-content\/uploads\/2019\/05\/boton-galeria_fotos-150x150-300x99.jpg\" alt=\"\" width=\"200\" height=\"66\" \/><\/a><\/p>\n","protected":false},"excerpt":{"rendered":"<p>Dentro de la actividad se realiz\u00f3 la instalaci\u00f3n de una biobarda sobre el r\u00edo Cahab\u00f3n y la reforestaci\u00f3n a cargo de jefes institucionales y alumnos participantes.<\/p>\n","protected":false},"author":1,"featured_media":5636,"comment_status":"closed","ping_status":"open","sticky":false,"template":"","format":"gallery","meta":[],"categories":[183,2,6,199,194,5],"tags":[178],"_links":{"self":[{"href":"https:\/\/gobernacionaltaverapaz.gob.gt\/index.php?rest_route=\/wp\/v2\/posts\/5641"}],"collection":[{"href":"https:\/\/gobernacionaltaverapaz.gob.gt\/index.php?rest_route=\/wp\/v2\/posts"}],"about":[{"href":"https:\/\/gobernacionaltaverapaz.gob.gt\/index.php?rest_route=\/wp\/v2\/types\/post"}],"author":[{"embeddable":true,"href":"https:\/\/gobernacionaltaverapaz.gob.gt\/index.php?rest_route=\/wp\/v2\/users\/1"}],"replies":[{"embeddable":true,"href":"https:\/\/gobernacionaltaverapaz.gob.gt\/index.php?rest_route=%2Fwp%2Fv2%2Fcomments&post=5641"}],"version-history":[{"count":2,"href":"https:\/\/gobernacionaltaverapaz.gob.gt\/index.php?rest_route=\/wp\/v2\/posts\/5641\/revisions"}],"predecessor-version":[{"id":5643,"href":"https:\/\/gobernacionaltaverapaz.gob.gt\/index.php?rest_route=\/wp\/v2\/posts\/5641\/revisions\/5643"}],"wp:featuredmedia":[{"embeddable":true,"href":"https:\/\/gobernacionaltaverapaz.gob.gt\/index.php?rest_route=\/wp\/v2\/media\/5636"}],"wp:attachment":[{"href":"https:\/\/gobernacionaltaverapaz.gob.gt\/index.php?rest_route=%2Fwp%2Fv2%2Fmedia&parent=5641"}],"wp:term":[{"taxonomy":"category","embeddable":true,"href":"https:\/\/gobernacionaltaverapaz.gob.gt\/index.php?rest_route=%2Fwp%2Fv2%2Fcategories&post=5641"},{"taxonomy":"post_tag","embeddable":true,"href":"https:\/\/gobernacionaltaverapaz.gob.gt\/index.php?rest_route=%2Fwp%2Fv2%2Ftags&post=5641"}],"curies":[{"name":"wp","href":"https:\/\/api.w.org\/{rel}","templated":true}]}}