{"id":5650,"date":"2019-06-12T08:42:37","date_gmt":"2019-06-12T14:42:37","guid":{"rendered":"http:\/\/gobernacionaltaverapaz.gob.gt\/?p=5650"},"modified":"2019-06-26T16:39:46","modified_gmt":"2019-06-26T22:39:46","slug":"activacin-del-plan-nacional-de-prevencin-de-embarazos-en-adolescentes-planea-en-el-municipio-de-raxruh","status":"publish","type":"post","link":"https:\/\/gobernacionaltaverapaz.gob.gt\/?p=5650","title":{"rendered":"ACTIVACI\u00d3N DEL &#8220;PLAN NACIONAL DE PREVENCI\u00d3N DE EMBARAZOS EN ADOLESCENTES&#8221; -PLANEA- EN EL MUNICIPIO DE RAXRUH\u00c1"},"content":{"rendered":"<div id=\"fb-root\"><\/div><script>(function(d, s, id) {  var js, fjs = d.getElementsByTagName(s)[0];  if (d.getElementById(id)) return;  js = d.createElement(s); js.id = id;  js.src = \"\/\/connect.facebook.net\/en_US\/sdk.js#xfbml=1&version=v2.3\";  fjs.parentNode.insertBefore(js, fjs);}(document, 'script', 'facebook-jssdk'));<\/script><div class=\"fb-video\" data-allowfullscreen=\"true\" data-href=\"\/\/www.facebook.com\/video.php?v=480172672752547\" data-width=\"900\"><\/div>\n<p>&nbsp;<\/p>\n<p style=\"text-align: justify;\">En este municipio se realiz\u00f3 la activaci\u00f3n del &#8220;Plan Nacional de Prevenci\u00f3n de Embarazos en Adolescentes&#8221; -PLANEA-.<\/p>\n<p style=\"text-align: justify;\">Gob. M.A. Erik Nolberto Guerrero Milian, en seguimiento a los 5 municipios de Alta Verapaz, priorizados en el tema de Embarazos en adolescentes, se realiz\u00f3 desfile y juramentaci\u00f3n a los pilares fundamentales en orientar y concientizaci\u00f3n sobre este tema, \u00e1rea de salud, directores y profesores de establecimientos educativos, COCODES y pastores de diferentes iglesias, y mesa t\u00e9cnica municipal.<\/p>\n<p style=\"text-align: justify;\">Con esto asumir el reto de coordinar estrategias dirigidas al desarrollo de intervenciones concertadas entre todas las instituciones involucradas para enfrentar la problem\u00e1tica del embarazo en adolescentes. Asimismo, se invita a otras entidades del Estado, sociedad civil y de la comunidad internacional a sumarse a este esfuerzo.<\/p>\n<div><\/div>\n<p>&nbsp;<\/p>\n<p><a href=\"https:\/\/www.facebook.com\/GobernacionAV\/photos\/pcb.827824697600128\/827813974267867\/?type=3&amp;theater\" target=\"_blank\" rel=\"noopener\"><img decoding=\"async\" loading=\"lazy\" class=\"alignnone wp-image-3872\" title=\"Ver galer\u00eda en Facebook\" src=\"http:\/\/gobernacionaltaverapaz.gob.gt\/wp-content\/uploads\/2019\/05\/boton-galeria_fotos-150x150-300x99.jpg\" alt=\"\" width=\"200\" height=\"66\" \/><\/a><\/p>\n<p>&nbsp;<\/p>\n","protected":false},"excerpt":{"rendered":"<p>En seguimiento a los 5 municipios de Alta Verapaz, priorizados en el tema de Embarazos en adolescentes, se realiz\u00f3 desfile y juramentaci\u00f3n a los pilares fundamentales en orientar y concientizaci\u00f3n sobre este tema, \u00e1rea de salud, directores y profesores de establecimientos educativos, COCODES y pastores de diferentes iglesias, y mesa t\u00e9cnica municipal.<\/p>\n","protected":false},"author":1,"featured_media":5644,"comment_status":"closed","ping_status":"open","sticky":false,"template":"","format":"video","meta":[],"categories":[183,2,199,194,5],"tags":[178],"_links":{"self":[{"href":"https:\/\/gobernacionaltaverapaz.gob.gt\/index.php?rest_route=\/wp\/v2\/posts\/5650"}],"collection":[{"href":"https:\/\/gobernacionaltaverapaz.gob.gt\/index.php?rest_route=\/wp\/v2\/posts"}],"about":[{"href":"https:\/\/gobernacionaltaverapaz.gob.gt\/index.php?rest_route=\/wp\/v2\/types\/post"}],"author":[{"embeddable":true,"href":"https:\/\/gobernacionaltaverapaz.gob.gt\/index.php?rest_route=\/wp\/v2\/users\/1"}],"replies":[{"embeddable":true,"href":"https:\/\/gobernacionaltaverapaz.gob.gt\/index.php?rest_route=%2Fwp%2Fv2%2Fcomments&post=5650"}],"version-history":[{"count":4,"href":"https:\/\/gobernacionaltaverapaz.gob.gt\/index.php?rest_route=\/wp\/v2\/posts\/5650\/revisions"}],"predecessor-version":[{"id":5684,"href":"https:\/\/gobernacionaltaverapaz.gob.gt\/index.php?rest_route=\/wp\/v2\/posts\/5650\/revisions\/5684"}],"wp:featuredmedia":[{"embeddable":true,"href":"https:\/\/gobernacionaltaverapaz.gob.gt\/index.php?rest_route=\/wp\/v2\/media\/5644"}],"wp:attachment":[{"href":"https:\/\/gobernacionaltaverapaz.gob.gt\/index.php?rest_route=%2Fwp%2Fv2%2Fmedia&parent=5650"}],"wp:term":[{"taxonomy":"category","embeddable":true,"href":"https:\/\/gobernacionaltaverapaz.gob.gt\/index.php?rest_route=%2Fwp%2Fv2%2Fcategories&post=5650"},{"taxonomy":"post_tag","embeddable":true,"href":"https:\/\/gobernacionaltaverapaz.gob.gt\/index.php?rest_route=%2Fwp%2Fv2%2Ftags&post=5650"}],"curies":[{"name":"wp","href":"https:\/\/api.w.org\/{rel}","templated":true}]}}