{"id":5659,"date":"2019-06-14T10:41:30","date_gmt":"2019-06-14T16:41:30","guid":{"rendered":"http:\/\/gobernacionaltaverapaz.gob.gt\/?p=5659"},"modified":"2019-06-14T11:18:31","modified_gmt":"2019-06-14T17:18:31","slug":"da-mundial-contra-el-trabajo-infantil-2019","status":"publish","type":"post","link":"https:\/\/gobernacionaltaverapaz.gob.gt\/?p=5659","title":{"rendered":"D\u00cdA MUNDIAL CONTRA EL TRABAJO INFANTIL 2019"},"content":{"rendered":"<p style=\"text-align: justify;\">D\u00eda mundial contra el trabajo infantil 2019.<\/p>\n<p style=\"text-align: justify;\">En el marco de la conmemoraci\u00f3n del d\u00eda mundial en contra del trabajo infantil y sus peores formas, el Ministerio de Trabajo y Previsi\u00f3n Social, realiza distintas acciones de sensibilizaci\u00f3n en todo el pa\u00eds por medio de los Comit\u00e9s Departamentales para la prevenci\u00f3n y erradicaci\u00f3n del trabajo infantil (CODEPETIS), con el prop\u00f3sito de informar y orientar a la poblaci\u00f3n acerca de la importancia de prevenir y erradicar el trabajo infantil.<\/p>\n<p style=\"text-align: justify;\">Gob. M.A. Erik Nolberto Guerrero Milian, en compa\u00f1\u00eda de la delegaci\u00f3n Departamental del Ministerio de Trabajo y la Directora de la Unidad de Protecci\u00f3n al Adolescente Trabajador -MINTRAB-, Lic. Claudia Peneleu, realizaron actividad en la Escuela el Esfuerzo, zona 12 del municipio de Cob\u00e1n.<\/p>\n<p style=\"text-align: justify;\">As\u00ed mismo Gobernador Departamental, mostr\u00f3 las \u00e1reas del palacio de Gobernaci\u00f3n y sus diferentes espacios de trabajo, entre los cuales se destaca el espacio que ocupa el Museo y la oficina de Informaci\u00f3n Tur\u00edstica, en este edificio.<\/p>\n<p style=\"text-align: justify;\">\u00a1Todos unidos por una ni\u00f1ez guatemalteca libre de trabajo infantil, juntos construimos sus sue\u00f1os!<\/p>\n<div><\/div>\n<p>&nbsp;<\/p>\n<p><a href=\"https:\/\/www.facebook.com\/GobernacionAV\/photos\/pcb.829503760765555\/829481307434467\/?type=3&amp;theater\" target=\"_blank\" rel=\"noopener\"><img decoding=\"async\" loading=\"lazy\" class=\"alignnone wp-image-3872\" title=\"Ver galer\u00eda en Facebook\" src=\"http:\/\/gobernacionaltaverapaz.gob.gt\/wp-content\/uploads\/2019\/05\/boton-galeria_fotos-150x150-300x99.jpg\" alt=\"\" width=\"200\" height=\"66\" \/><\/a><\/p>\n","protected":false},"excerpt":{"rendered":"<p>Se\u00f1or gobernador en compa\u00f1\u00eda de la delegaci\u00f3n Departamental del Ministerio de Trabajo y la Directora de la Unidad de Protecci\u00f3n al Adolescente Trabajador -MINTRAB-, Lic. Claudia Peneleu, realizaron actividad en la Escuela el Esfuerzo, zona 12 del municipio de Cob\u00e1n.<\/p>\n","protected":false},"author":1,"featured_media":5654,"comment_status":"closed","ping_status":"open","sticky":false,"template":"","format":"gallery","meta":[],"categories":[183,2,199],"tags":[178],"_links":{"self":[{"href":"https:\/\/gobernacionaltaverapaz.gob.gt\/index.php?rest_route=\/wp\/v2\/posts\/5659"}],"collection":[{"href":"https:\/\/gobernacionaltaverapaz.gob.gt\/index.php?rest_route=\/wp\/v2\/posts"}],"about":[{"href":"https:\/\/gobernacionaltaverapaz.gob.gt\/index.php?rest_route=\/wp\/v2\/types\/post"}],"author":[{"embeddable":true,"href":"https:\/\/gobernacionaltaverapaz.gob.gt\/index.php?rest_route=\/wp\/v2\/users\/1"}],"replies":[{"embeddable":true,"href":"https:\/\/gobernacionaltaverapaz.gob.gt\/index.php?rest_route=%2Fwp%2Fv2%2Fcomments&post=5659"}],"version-history":[{"count":1,"href":"https:\/\/gobernacionaltaverapaz.gob.gt\/index.php?rest_route=\/wp\/v2\/posts\/5659\/revisions"}],"predecessor-version":[{"id":5660,"href":"https:\/\/gobernacionaltaverapaz.gob.gt\/index.php?rest_route=\/wp\/v2\/posts\/5659\/revisions\/5660"}],"wp:featuredmedia":[{"embeddable":true,"href":"https:\/\/gobernacionaltaverapaz.gob.gt\/index.php?rest_route=\/wp\/v2\/media\/5654"}],"wp:attachment":[{"href":"https:\/\/gobernacionaltaverapaz.gob.gt\/index.php?rest_route=%2Fwp%2Fv2%2Fmedia&parent=5659"}],"wp:term":[{"taxonomy":"category","embeddable":true,"href":"https:\/\/gobernacionaltaverapaz.gob.gt\/index.php?rest_route=%2Fwp%2Fv2%2Fcategories&post=5659"},{"taxonomy":"post_tag","embeddable":true,"href":"https:\/\/gobernacionaltaverapaz.gob.gt\/index.php?rest_route=%2Fwp%2Fv2%2Ftags&post=5659"}],"curies":[{"name":"wp","href":"https:\/\/api.w.org\/{rel}","templated":true}]}}