{"id":5682,"date":"2019-06-20T09:38:27","date_gmt":"2019-06-20T15:38:27","guid":{"rendered":"http:\/\/gobernacionaltaverapaz.gob.gt\/?p=5682"},"modified":"2019-06-26T09:31:32","modified_gmt":"2019-06-26T15:31:32","slug":"conferencia-de-prensa-reforestando-guatemaya-centroamrica","status":"publish","type":"post","link":"https:\/\/gobernacionaltaverapaz.gob.gt\/?p=5682","title":{"rendered":"CONFERENCIA DE PRENSA &#8220;REFORESTANDO GUATEMAYA Y CENTROAM\u00c9RICA&#8221;"},"content":{"rendered":"<p style=\"text-align: justify;\">Conferencia de Prensa &#8220;Reforestando Guatemaya y Centroam\u00e9rica&#8221;.<\/p>\n<p style=\"text-align: justify;\">Es una actividad medioambiental promovida por el Movimiento Juvenil Aj Tzuk, donde nos unimos para reforestar GUATEMAYA Y C.A., en ella participan ni\u00f1as, ni\u00f1os, j\u00f3venes, padres de familia, empresas, escuelas, colegios, universidades, iglesias, medios de comunicaci\u00f3n y comunidades.<\/p>\n<p style=\"text-align: justify;\">Con el objetivo de reforestar 6 millones de \u00e1rboles en toda Centroam\u00e9rica y 1.1 mill\u00f3n de \u00e1rboles en 6 departamentos de Guatemala, con m\u00e1s de 150 comunidades en Alta Verapaz identificado para su reforestaci\u00f3n.<\/p>\n<p style=\"text-align: justify;\">Inicio de la reforestaci\u00f3n 29 de junio.<\/p>\n<div><\/div>\n<p>&nbsp;<\/p>\n<p><a href=\"https:\/\/www.facebook.com\/GobernacionAV\/photos\/pcb.833429013706363\/833412730374658\/?type=3&amp;theater\"><img decoding=\"async\" loading=\"lazy\" class=\"alignnone wp-image-3872\" title=\"Ver galer\u00eda en Facebook\" src=\"http:\/\/gobernacionaltaverapaz.gob.gt\/wp-content\/uploads\/2019\/05\/boton-galeria_fotos-150x150-300x99.jpg\" alt=\"\" width=\"200\" height=\"66\" \/><\/a><\/p>\n","protected":false},"excerpt":{"rendered":"<p>Con el objetivo de reforestar 6 millones de \u00e1rboles en toda Centroam\u00e9rica y 1.1 mill\u00f3n de \u00e1rboles en 6 departamentos de Guatemala, con m\u00e1s de 150 comunidades en Alta Verapaz identificado para su reforestaci\u00f3n.<\/p>\n","protected":false},"author":1,"featured_media":5674,"comment_status":"closed","ping_status":"open","sticky":false,"template":"","format":"gallery","meta":[],"categories":[183,6,199,194],"tags":[178],"_links":{"self":[{"href":"https:\/\/gobernacionaltaverapaz.gob.gt\/index.php?rest_route=\/wp\/v2\/posts\/5682"}],"collection":[{"href":"https:\/\/gobernacionaltaverapaz.gob.gt\/index.php?rest_route=\/wp\/v2\/posts"}],"about":[{"href":"https:\/\/gobernacionaltaverapaz.gob.gt\/index.php?rest_route=\/wp\/v2\/types\/post"}],"author":[{"embeddable":true,"href":"https:\/\/gobernacionaltaverapaz.gob.gt\/index.php?rest_route=\/wp\/v2\/users\/1"}],"replies":[{"embeddable":true,"href":"https:\/\/gobernacionaltaverapaz.gob.gt\/index.php?rest_route=%2Fwp%2Fv2%2Fcomments&post=5682"}],"version-history":[{"count":1,"href":"https:\/\/gobernacionaltaverapaz.gob.gt\/index.php?rest_route=\/wp\/v2\/posts\/5682\/revisions"}],"predecessor-version":[{"id":5683,"href":"https:\/\/gobernacionaltaverapaz.gob.gt\/index.php?rest_route=\/wp\/v2\/posts\/5682\/revisions\/5683"}],"wp:featuredmedia":[{"embeddable":true,"href":"https:\/\/gobernacionaltaverapaz.gob.gt\/index.php?rest_route=\/wp\/v2\/media\/5674"}],"wp:attachment":[{"href":"https:\/\/gobernacionaltaverapaz.gob.gt\/index.php?rest_route=%2Fwp%2Fv2%2Fmedia&parent=5682"}],"wp:term":[{"taxonomy":"category","embeddable":true,"href":"https:\/\/gobernacionaltaverapaz.gob.gt\/index.php?rest_route=%2Fwp%2Fv2%2Fcategories&post=5682"},{"taxonomy":"post_tag","embeddable":true,"href":"https:\/\/gobernacionaltaverapaz.gob.gt\/index.php?rest_route=%2Fwp%2Fv2%2Ftags&post=5682"}],"curies":[{"name":"wp","href":"https:\/\/api.w.org\/{rel}","templated":true}]}}