{"id":5896,"date":"2019-07-02T10:56:41","date_gmt":"2019-07-02T16:56:41","guid":{"rendered":"http:\/\/gobernacionaltaverapaz.gob.gt\/?p=5896"},"modified":"2019-07-02T15:31:18","modified_gmt":"2019-07-02T21:31:18","slug":"reunin-ordinaria-de-trabajo-del-codedeav-correspondiente-al-mes-de-junio","status":"publish","type":"post","link":"https:\/\/gobernacionaltaverapaz.gob.gt\/?p=5896","title":{"rendered":"REUNI\u00d3N ORDINARIA DE TRABAJO DEL CODEDEAV CORRESPONDIENTE AL MES DE JUNIO"},"content":{"rendered":"<p style=\"text-align: justify;\">Reuni\u00f3n Ordinaria de trabajo del CODEDEAV, correspondiente al mes de junio 2019.<\/p>\n<p style=\"text-align: justify;\">En la misma se socializo la participaci\u00f3n de representantes del sector No Gubernamental, informes de avances f\u00edsicos y financieros, informe acerca de debilidades para el efectivo cumplimiento en programas y proyectos del sector Educativo en Alta Verapaz, presentaci\u00f3n de resultados por temporada de incendios forestales en el departamento, seguimiento al tema de consumo de carnes, entre otros.<\/p>\n<p style=\"text-align: justify;\">Acuerdos: Aprobar la distribuci\u00f3n de fondos FONPETROL; aprobar la distribuci\u00f3n de fondos SETH; revisi\u00f3n legal de la propuesta referente a incendios forestales de la comisi\u00f3n de Medio Ambiente; esperar el informe t\u00e9cnico de la Secretaria Ejecutiva de la CONRED referente al tema del proyecto AMPLIACI\u00d3N ESCUELA PRIMARIA CASER\u00cdO YUXILHA, TAMAHU, ALTA VERAPAZ.<\/p>\n<div><\/div>\n<p>&nbsp;<\/p>\n<p><a href=\"https:\/\/www.facebook.com\/GobernacionAV\/photos\/pcb.841537116228886\/841525519563379\/?type=3&amp;theater\" target=\"_blank\" rel=\"noopener\"><img decoding=\"async\" loading=\"lazy\" class=\"alignnone wp-image-3872\" title=\"Ver galer\u00eda en Facebook\" src=\"http:\/\/gobernacionaltaverapaz.gob.gt\/wp-content\/uploads\/2019\/05\/boton-galeria_fotos-150x150-300x99.jpg\" alt=\"\" width=\"200\" height=\"66\" \/><\/a><\/p>\n","protected":false},"excerpt":{"rendered":"<p>En la misma se socializo la participaci\u00f3n de representantes del sector No Gubernamental, informes de avances f\u00edsicos y financieros, informe acerca de debilidades para el efectivo cumplimiento en programas y proyectos del sector Educativo en Alta Verapaz, presentaci\u00f3n de resultados por temporada de incendios forestales en el departamento, seguimiento al tema de consumo de carnes, entre otros.<\/p>\n","protected":false},"author":1,"featured_media":5891,"comment_status":"closed","ping_status":"open","sticky":false,"template":"","format":"gallery","meta":[],"categories":[191,199],"tags":[178],"_links":{"self":[{"href":"https:\/\/gobernacionaltaverapaz.gob.gt\/index.php?rest_route=\/wp\/v2\/posts\/5896"}],"collection":[{"href":"https:\/\/gobernacionaltaverapaz.gob.gt\/index.php?rest_route=\/wp\/v2\/posts"}],"about":[{"href":"https:\/\/gobernacionaltaverapaz.gob.gt\/index.php?rest_route=\/wp\/v2\/types\/post"}],"author":[{"embeddable":true,"href":"https:\/\/gobernacionaltaverapaz.gob.gt\/index.php?rest_route=\/wp\/v2\/users\/1"}],"replies":[{"embeddable":true,"href":"https:\/\/gobernacionaltaverapaz.gob.gt\/index.php?rest_route=%2Fwp%2Fv2%2Fcomments&post=5896"}],"version-history":[{"count":1,"href":"https:\/\/gobernacionaltaverapaz.gob.gt\/index.php?rest_route=\/wp\/v2\/posts\/5896\/revisions"}],"predecessor-version":[{"id":5897,"href":"https:\/\/gobernacionaltaverapaz.gob.gt\/index.php?rest_route=\/wp\/v2\/posts\/5896\/revisions\/5897"}],"wp:featuredmedia":[{"embeddable":true,"href":"https:\/\/gobernacionaltaverapaz.gob.gt\/index.php?rest_route=\/wp\/v2\/media\/5891"}],"wp:attachment":[{"href":"https:\/\/gobernacionaltaverapaz.gob.gt\/index.php?rest_route=%2Fwp%2Fv2%2Fmedia&parent=5896"}],"wp:term":[{"taxonomy":"category","embeddable":true,"href":"https:\/\/gobernacionaltaverapaz.gob.gt\/index.php?rest_route=%2Fwp%2Fv2%2Fcategories&post=5896"},{"taxonomy":"post_tag","embeddable":true,"href":"https:\/\/gobernacionaltaverapaz.gob.gt\/index.php?rest_route=%2Fwp%2Fv2%2Ftags&post=5896"}],"curies":[{"name":"wp","href":"https:\/\/api.w.org\/{rel}","templated":true}]}}