{"id":5922,"date":"2019-07-03T17:42:26","date_gmt":"2019-07-03T23:42:26","guid":{"rendered":"http:\/\/gobernacionaltaverapaz.gob.gt\/?p=5922"},"modified":"2019-07-04T09:37:42","modified_gmt":"2019-07-04T15:37:42","slug":"proyecto-de-reforestacin-del-rio-cahabn","status":"publish","type":"post","link":"https:\/\/gobernacionaltaverapaz.gob.gt\/?p=5922","title":{"rendered":"PROYECTO DE REFORESTACI\u00d3N DEL RIO CAHAB\u00d3N"},"content":{"rendered":"<p style=\"text-align: justify;\">La Junta Directiva de la Asociaci\u00f3n de Colegios Privados de Alta Verapaz \u2013ACPAV- en coordinaci\u00f3n a Municipalidad de Cob\u00e1n y ej\u00e9rcito de Guatemala, se realiz\u00f3 acto c\u00edvico y reflexi\u00f3n en torno al medio ambiente, posteriormente una caminata el cual se tuvo como punto de partida el parque central de este municipio hacia el puente Chiu, donde se sembrar\u00e1 a las orillas del mencionado r\u00edo dos mil \u00e1rboles, entre ellos \u00e1rboles frutales y ornamentales.<\/p>\n<p style=\"text-align: justify;\">Gob. M.A. Erik Nolberto Guerrero Milian, dio a conocer; \u201cEstoy muy contento de ver que cada vez m\u00e1s personas se anexan a este proyecto de vida e importante, como lo es el cuidado del medio ambiente, venimos de acciones similares en donde instituciones gubernamental y no gubernamentales est\u00e1n aportando a la reforestaci\u00f3n, en 11 meses de gesti\u00f3n que llevamos en Gobernaci\u00f3n le apostamos al proceso de reforestaci\u00f3n; nos hemos encontrado con situaciones importantes, 1) Hay suficientes \u00e1rboles en distintas instituciones para sembrar, 2) Hay suficientes personas con conciencia ambiental que nos pueden apoyar a hacer ese proceso, 3) Hay sitios, terrenos, espacios p\u00fablicos y privados que est\u00e1n aptos para la siembra de los \u00e1rboles\u201d, expres\u00f3.<\/p>\n<p style=\"text-align: justify;\">Participaron; junta directiva \u2013ACPAV-, Municipalidad de Cob\u00e1n, Ejercito de Guatemala, Gobernador Departamental de Alta Verapaz, Colegio La Patria, Colegio Biling\u00fce de Infantes, Colegio Preuniversitario del Norte, Colegio Cob\u00e1n, Colegio Nuevo Senderos, Colegio La Inmaculada, Colegio Verapaz, Liceo Americano del Norte, Liceo San Crist\u00f3bal, Colegio Nazareno, Liceo Intercultural y Liceo Nueva Juventud.<\/p>\n<div><\/div>\n<p>&nbsp;<\/p>\n<p><a href=\"https:\/\/www.facebook.com\/GobernacionAV\/photos\/pcb.842241126158485\/842136549502276\/?type=3&amp;theater\" target=\"_blank\" rel=\"noopener\"><img decoding=\"async\" loading=\"lazy\" class=\"alignnone wp-image-3872\" title=\"Ver galer\u00eda en Facebook\" src=\"http:\/\/gobernacionaltaverapaz.gob.gt\/wp-content\/uploads\/2019\/05\/boton-galeria_fotos-150x150-300x99.jpg\" alt=\"\" width=\"200\" height=\"66\" \/><\/a><\/p>\n","protected":false},"excerpt":{"rendered":"<p>Se realiz\u00f3 acto c\u00edvico y reflexi\u00f3n en torno al medio ambiente, posteriormente una caminata el cual se tuvo como punto de partida el parque central de este municipio hacia el puente Chiu, donde se sembrar\u00e1 a las orillas del mencionado r\u00edo dos mil \u00e1rboles, entre ellos \u00e1rboles frutales y ornamentales.<\/p>\n","protected":false},"author":1,"featured_media":5915,"comment_status":"closed","ping_status":"open","sticky":false,"template":"","format":"gallery","meta":[],"categories":[183,2,6,199,194],"tags":[178],"_links":{"self":[{"href":"https:\/\/gobernacionaltaverapaz.gob.gt\/index.php?rest_route=\/wp\/v2\/posts\/5922"}],"collection":[{"href":"https:\/\/gobernacionaltaverapaz.gob.gt\/index.php?rest_route=\/wp\/v2\/posts"}],"about":[{"href":"https:\/\/gobernacionaltaverapaz.gob.gt\/index.php?rest_route=\/wp\/v2\/types\/post"}],"author":[{"embeddable":true,"href":"https:\/\/gobernacionaltaverapaz.gob.gt\/index.php?rest_route=\/wp\/v2\/users\/1"}],"replies":[{"embeddable":true,"href":"https:\/\/gobernacionaltaverapaz.gob.gt\/index.php?rest_route=%2Fwp%2Fv2%2Fcomments&post=5922"}],"version-history":[{"count":2,"href":"https:\/\/gobernacionaltaverapaz.gob.gt\/index.php?rest_route=\/wp\/v2\/posts\/5922\/revisions"}],"predecessor-version":[{"id":5924,"href":"https:\/\/gobernacionaltaverapaz.gob.gt\/index.php?rest_route=\/wp\/v2\/posts\/5922\/revisions\/5924"}],"wp:featuredmedia":[{"embeddable":true,"href":"https:\/\/gobernacionaltaverapaz.gob.gt\/index.php?rest_route=\/wp\/v2\/media\/5915"}],"wp:attachment":[{"href":"https:\/\/gobernacionaltaverapaz.gob.gt\/index.php?rest_route=%2Fwp%2Fv2%2Fmedia&parent=5922"}],"wp:term":[{"taxonomy":"category","embeddable":true,"href":"https:\/\/gobernacionaltaverapaz.gob.gt\/index.php?rest_route=%2Fwp%2Fv2%2Fcategories&post=5922"},{"taxonomy":"post_tag","embeddable":true,"href":"https:\/\/gobernacionaltaverapaz.gob.gt\/index.php?rest_route=%2Fwp%2Fv2%2Ftags&post=5922"}],"curies":[{"name":"wp","href":"https:\/\/api.w.org\/{rel}","templated":true}]}}