{"id":5936,"date":"2019-07-04T09:36:43","date_gmt":"2019-07-04T15:36:43","guid":{"rendered":"http:\/\/gobernacionaltaverapaz.gob.gt\/?p=5936"},"modified":"2019-07-04T09:50:29","modified_gmt":"2019-07-04T15:50:29","slug":"reunin-de-urgencia-comisin-de-seguridad-pblica-ciudadana","status":"publish","type":"post","link":"https:\/\/gobernacionaltaverapaz.gob.gt\/?p=5936","title":{"rendered":"REUNI\u00d3N DE URGENCIA, COMISI\u00d3N DE SEGURIDAD P\u00daBLICA Y CIUDADANA"},"content":{"rendered":"<p style=\"text-align: justify;\">Gob. M.A. Erik Nolberto Guerrero Milian, convoc\u00f3 a reuni\u00f3n de urgencia, para tratar temas de seguridad y \u00e1reas protegidas en el departamento de Alta Verapaz, en el cual se requiere el apoyo interinstitucional.<\/p>\n<p style=\"text-align: justify;\">Presentes; Gobernaci\u00f3n Departamental, PNC, MP, INAB, CONAP, PDH, Comision Presidencial de Di\u00e1logo, COPREDEH y S.I.E.<\/p>\n<p>&nbsp;<\/p>\n<div><\/div>\n","protected":false},"excerpt":{"rendered":"<p>El se\u00f1or Gobernador convoc\u00f3 a reuni\u00f3n de urgencia, para tratar temas de seguridad y \u00e1reas protegidas en el departamento de Alta Verapaz, en el cual se requiere el apoyo interinstitucional.<\/p>\n","protected":false},"author":1,"featured_media":5925,"comment_status":"closed","ping_status":"open","sticky":false,"template":"","format":"gallery","meta":[],"categories":[191,199,197],"tags":[178],"_links":{"self":[{"href":"https:\/\/gobernacionaltaverapaz.gob.gt\/index.php?rest_route=\/wp\/v2\/posts\/5936"}],"collection":[{"href":"https:\/\/gobernacionaltaverapaz.gob.gt\/index.php?rest_route=\/wp\/v2\/posts"}],"about":[{"href":"https:\/\/gobernacionaltaverapaz.gob.gt\/index.php?rest_route=\/wp\/v2\/types\/post"}],"author":[{"embeddable":true,"href":"https:\/\/gobernacionaltaverapaz.gob.gt\/index.php?rest_route=\/wp\/v2\/users\/1"}],"replies":[{"embeddable":true,"href":"https:\/\/gobernacionaltaverapaz.gob.gt\/index.php?rest_route=%2Fwp%2Fv2%2Fcomments&post=5936"}],"version-history":[{"count":1,"href":"https:\/\/gobernacionaltaverapaz.gob.gt\/index.php?rest_route=\/wp\/v2\/posts\/5936\/revisions"}],"predecessor-version":[{"id":5937,"href":"https:\/\/gobernacionaltaverapaz.gob.gt\/index.php?rest_route=\/wp\/v2\/posts\/5936\/revisions\/5937"}],"wp:featuredmedia":[{"embeddable":true,"href":"https:\/\/gobernacionaltaverapaz.gob.gt\/index.php?rest_route=\/wp\/v2\/media\/5925"}],"wp:attachment":[{"href":"https:\/\/gobernacionaltaverapaz.gob.gt\/index.php?rest_route=%2Fwp%2Fv2%2Fmedia&parent=5936"}],"wp:term":[{"taxonomy":"category","embeddable":true,"href":"https:\/\/gobernacionaltaverapaz.gob.gt\/index.php?rest_route=%2Fwp%2Fv2%2Fcategories&post=5936"},{"taxonomy":"post_tag","embeddable":true,"href":"https:\/\/gobernacionaltaverapaz.gob.gt\/index.php?rest_route=%2Fwp%2Fv2%2Ftags&post=5936"}],"curies":[{"name":"wp","href":"https:\/\/api.w.org\/{rel}","templated":true}]}}