{"id":6033,"date":"2019-07-05T12:41:55","date_gmt":"2019-07-05T18:41:55","guid":{"rendered":"http:\/\/gobernacionaltaverapaz.gob.gt\/?p=6033"},"modified":"2019-07-05T15:19:11","modified_gmt":"2019-07-05T21:19:11","slug":"reunin-ordinaria-consejo-regional-de-desarrollo-urbano-rural-regin-norte","status":"publish","type":"post","link":"https:\/\/gobernacionaltaverapaz.gob.gt\/?p=6033","title":{"rendered":"REUNI\u00d3N ORDINARIA CONSEJO REGIONAL DE DESARROLLO URBANO Y RURAL REGI\u00d3N NORTE"},"content":{"rendered":"<p style=\"text-align: justify;\">En el cual se desarroll\u00f3; Aprobaci\u00f3n de modificaci\u00f3n a la propuesta de inversi\u00f3n regional 2020.<\/p>\n<p style=\"text-align: justify;\">El secretario inform\u00f3 que con base a la opini\u00f3n n\u00famero 04-2019 de la Comisi\u00f3n de An\u00e1lisis de Presupuesto y Pol\u00edtica Fiscal del -CONADUR-, donde se indicaron que hay proyectos incorporados en la propuesta de inversi\u00f3n 2020 que no cumplen con la tipolog\u00eda establecida en el Normativo para la distribuci\u00f3n y Administraci\u00f3n de los Recursos Financieros, as\u00ed como la Planificaci\u00f3n, Ejecuci\u00f3n y Supervisi\u00f3n de los programas y proyectos.<\/p>\n<p style=\"text-align: justify;\">Proyectos con observaciones; Ampliaciones Edificio(s) Centro de Recuperaci\u00f3n Nutricional (con equipamiento), Barrio San Antonio, Purulh\u00e1 Baja Verapaz, Ampliaci\u00f3n Centro de Salud Barrio San Antonio, Purulh\u00e1 Baja Verapaz, Ampliaci\u00f3n Centro de Salud Aldea Potrero Grande, Granados Baja Verapaz.<\/p>\n<p style=\"text-align: justify;\">Acuerdos; Aprobar la propuesta de Inversi\u00f3n Regional 2020 de la Regi\u00f3n Norte.<\/p>\n<div><\/div>\n<p>&nbsp;<\/p>\n<p><a href=\"https:\/\/www.facebook.com\/GobernacionAV\/photos\/pcb.843388499377081\/843379422711322\/?type=3&amp;theater\" target=\"_blank\" rel=\"noopener\"><img decoding=\"async\" loading=\"lazy\" class=\"alignnone wp-image-3872\" title=\"Ver galer\u00eda en Facebook\" src=\"http:\/\/gobernacionaltaverapaz.gob.gt\/wp-content\/uploads\/2019\/05\/boton-galeria_fotos-150x150-300x99.jpg\" alt=\"\" width=\"200\" height=\"66\" \/><\/a><\/p>\n","protected":false},"excerpt":{"rendered":"<p>Proyectos con observaciones; Ampliaciones Edificio(s) Centro de Recuperaci\u00f3n Nutricional (con equipamiento), Barrio San Antonio, Purulh\u00e1 Baja Verapaz, Ampliaci\u00f3n Centro de Salud Barrio San Antonio, Purulh\u00e1 Baja Verapaz, Ampliaci\u00f3n Centro de Salud Aldea Potrero Grande, Granados Baja Verapaz.<\/p>\n","protected":false},"author":1,"featured_media":6027,"comment_status":"closed","ping_status":"open","sticky":false,"template":"","format":"gallery","meta":[],"categories":[191,199],"tags":[178],"_links":{"self":[{"href":"https:\/\/gobernacionaltaverapaz.gob.gt\/index.php?rest_route=\/wp\/v2\/posts\/6033"}],"collection":[{"href":"https:\/\/gobernacionaltaverapaz.gob.gt\/index.php?rest_route=\/wp\/v2\/posts"}],"about":[{"href":"https:\/\/gobernacionaltaverapaz.gob.gt\/index.php?rest_route=\/wp\/v2\/types\/post"}],"author":[{"embeddable":true,"href":"https:\/\/gobernacionaltaverapaz.gob.gt\/index.php?rest_route=\/wp\/v2\/users\/1"}],"replies":[{"embeddable":true,"href":"https:\/\/gobernacionaltaverapaz.gob.gt\/index.php?rest_route=%2Fwp%2Fv2%2Fcomments&post=6033"}],"version-history":[{"count":1,"href":"https:\/\/gobernacionaltaverapaz.gob.gt\/index.php?rest_route=\/wp\/v2\/posts\/6033\/revisions"}],"predecessor-version":[{"id":6038,"href":"https:\/\/gobernacionaltaverapaz.gob.gt\/index.php?rest_route=\/wp\/v2\/posts\/6033\/revisions\/6038"}],"wp:featuredmedia":[{"embeddable":true,"href":"https:\/\/gobernacionaltaverapaz.gob.gt\/index.php?rest_route=\/wp\/v2\/media\/6027"}],"wp:attachment":[{"href":"https:\/\/gobernacionaltaverapaz.gob.gt\/index.php?rest_route=%2Fwp%2Fv2%2Fmedia&parent=6033"}],"wp:term":[{"taxonomy":"category","embeddable":true,"href":"https:\/\/gobernacionaltaverapaz.gob.gt\/index.php?rest_route=%2Fwp%2Fv2%2Fcategories&post=6033"},{"taxonomy":"post_tag","embeddable":true,"href":"https:\/\/gobernacionaltaverapaz.gob.gt\/index.php?rest_route=%2Fwp%2Fv2%2Ftags&post=6033"}],"curies":[{"name":"wp","href":"https:\/\/api.w.org\/{rel}","templated":true}]}}