{"id":6113,"date":"2019-07-08T09:00:16","date_gmt":"2019-07-08T15:00:16","guid":{"rendered":"http:\/\/gobernacionaltaverapaz.gob.gt\/?p=6113"},"modified":"2019-07-08T14:37:30","modified_gmt":"2019-07-08T20:37:30","slug":"mesa-de-dilogo-con-pnc-alcalda-de-tucur","status":"publish","type":"post","link":"https:\/\/gobernacionaltaverapaz.gob.gt\/?p=6113","title":{"rendered":"MESA DE DI\u00c1LOGO CON PNC Y ALCALD\u00cdA DE TUCUR\u00da"},"content":{"rendered":"<p style=\"text-align: justify;\">La corporaci\u00f3n municipal de dicho municipio, portavoz de la poblaci\u00f3n en general, realizo la petici\u00f3n a las autoridades correspondientes para reubicar la sede de la Polic\u00eda Nacional Civil, seg\u00fan la comuna debido a que las instalaciones no son las adecuadas, el resguardo de la integridad de los vecinos ante posibles disturbios y que en el \u00e1rea del parque central se proh\u00edbe el ingreso de veh\u00edculo y autopatrullas.<\/p>\n<p style=\"text-align: justify;\">Asesores, Jefe de la PNC y Gobernador Departamental, dieron a conocer; el procedimiento para restablecer una sub-estaci\u00f3n de PNC cuando es removido de un municipio; esto conlleva meses de gesti\u00f3n ante el Ministerio de Gobernaci\u00f3n.<\/p>\n<p style=\"text-align: justify;\">El se\u00f1or Gobernador tambi\u00e9n manifest\u00f3 que la comunicaci\u00f3n entre PNC y Municipalidad ayuda a buscar soluciones de manera que no perjudique \u00e1mbito de seguridad en el municipio, asumiendo los compromisos y responsabilidades que el tema amerita.<\/p>\n<p>&nbsp;<\/p>\n<div><\/div>\n","protected":false},"excerpt":{"rendered":"<p>La corporaci\u00f3n municipal de dicho municipio, portavoz de la poblaci\u00f3n en general, realizo la petici\u00f3n a las autoridades correspondientes para reubicar la sede de la Polic\u00eda Nacional Civil, seg\u00fan la comuna debido a que las instalaciones no son las adecuadas, el resguardo de la integridad de los vecinos ante posibles disturbios y que en el \u00e1rea del parque central se proh\u00edbe el ingreso de veh\u00edculo y autopatrullas.<\/p>\n","protected":false},"author":1,"featured_media":6102,"comment_status":"closed","ping_status":"open","sticky":false,"template":"","format":"gallery","meta":[],"categories":[191,199,194,197],"tags":[178],"_links":{"self":[{"href":"https:\/\/gobernacionaltaverapaz.gob.gt\/index.php?rest_route=\/wp\/v2\/posts\/6113"}],"collection":[{"href":"https:\/\/gobernacionaltaverapaz.gob.gt\/index.php?rest_route=\/wp\/v2\/posts"}],"about":[{"href":"https:\/\/gobernacionaltaverapaz.gob.gt\/index.php?rest_route=\/wp\/v2\/types\/post"}],"author":[{"embeddable":true,"href":"https:\/\/gobernacionaltaverapaz.gob.gt\/index.php?rest_route=\/wp\/v2\/users\/1"}],"replies":[{"embeddable":true,"href":"https:\/\/gobernacionaltaverapaz.gob.gt\/index.php?rest_route=%2Fwp%2Fv2%2Fcomments&post=6113"}],"version-history":[{"count":2,"href":"https:\/\/gobernacionaltaverapaz.gob.gt\/index.php?rest_route=\/wp\/v2\/posts\/6113\/revisions"}],"predecessor-version":[{"id":6115,"href":"https:\/\/gobernacionaltaverapaz.gob.gt\/index.php?rest_route=\/wp\/v2\/posts\/6113\/revisions\/6115"}],"wp:featuredmedia":[{"embeddable":true,"href":"https:\/\/gobernacionaltaverapaz.gob.gt\/index.php?rest_route=\/wp\/v2\/media\/6102"}],"wp:attachment":[{"href":"https:\/\/gobernacionaltaverapaz.gob.gt\/index.php?rest_route=%2Fwp%2Fv2%2Fmedia&parent=6113"}],"wp:term":[{"taxonomy":"category","embeddable":true,"href":"https:\/\/gobernacionaltaverapaz.gob.gt\/index.php?rest_route=%2Fwp%2Fv2%2Fcategories&post=6113"},{"taxonomy":"post_tag","embeddable":true,"href":"https:\/\/gobernacionaltaverapaz.gob.gt\/index.php?rest_route=%2Fwp%2Fv2%2Ftags&post=6113"}],"curies":[{"name":"wp","href":"https:\/\/api.w.org\/{rel}","templated":true}]}}