{"id":6116,"date":"2019-07-08T14:11:10","date_gmt":"2019-07-08T20:11:10","guid":{"rendered":"http:\/\/gobernacionaltaverapaz.gob.gt\/?p=6116"},"modified":"2019-07-08T14:50:19","modified_gmt":"2019-07-08T20:50:19","slug":"en-conmemoracin-del-da-del-maestro-se-reconoci-27-docentes-de-los-17-municipios","status":"publish","type":"post","link":"https:\/\/gobernacionaltaverapaz.gob.gt\/?p=6116","title":{"rendered":"EN CONMEMORACI\u00d3N DEL D\u00cdA DEL MAESTRO, SE RECONOCI\u00d3 A 27 DOCENTES DE LOS 17 MUNICIPIOS"},"content":{"rendered":"<p style=\"text-align: justify;\">Gob. M.A. Erik Nolberto Guerrero Milian, homenajeo a maetros de los 17 municipios del Departamento de Alta Verapaz, por el aporte significativos a la comunidad educativa de cada municipio, a trav\u00e9s de su servicios activos como docente, formaci\u00f3n acad\u00e9mica, compromiso laboral, carisma y\/o vocaci\u00f3n, liderazgo comunitario y calidad de servicio.<\/p>\n<p style=\"text-align: justify;\">En reconocimiento se les entrego, resoluci\u00f3n honor\u00edfica y medalla el cual los acredita como Ciudadano Distinguido del Departamento de Alta Verapaz, en el desarrollo de la actividad se realiz\u00f3; oratoria, palabras alusivas al D\u00eda del Maestro, canto y la participaci\u00f3n de grupo folklorico de Cob\u00e1n.<\/p>\n<p style=\"text-align: justify;\">Mesa principal; Gobernador Departamental, Director Departamental de Educaci\u00f3n, Lic. Edgar Chen Bac y Licda. Ana Lilian M\u00e9ndez Cabrera.<\/p>\n<div><\/div>\n<p>&nbsp;<\/p>\n<p><a href=\"https:\/\/www.facebook.com\/GobernacionAV\/photos\/pcb.845161222533142\/845149872534277\/?type=3&amp;theater\" target=\"_blank\" rel=\"noopener\"><img decoding=\"async\" loading=\"lazy\" class=\"alignnone wp-image-3872\" title=\"Ver galer\u00eda en Facebook\" src=\"http:\/\/gobernacionaltaverapaz.gob.gt\/wp-content\/uploads\/2019\/05\/boton-galeria_fotos-150x150-300x99.jpg\" alt=\"\" width=\"200\" height=\"66\" \/><\/a><\/p>\n","protected":false},"excerpt":{"rendered":"<p>En reconocimiento se les entrego, resoluci\u00f3n honor\u00edfica y medalla el cual los acredita como Ciudadano Distinguido del Departamento de Alta Verapaz.<\/p>\n","protected":false},"author":1,"featured_media":6108,"comment_status":"closed","ping_status":"open","sticky":false,"template":"","format":"gallery","meta":[],"categories":[183,2,199,194],"tags":[178],"_links":{"self":[{"href":"https:\/\/gobernacionaltaverapaz.gob.gt\/index.php?rest_route=\/wp\/v2\/posts\/6116"}],"collection":[{"href":"https:\/\/gobernacionaltaverapaz.gob.gt\/index.php?rest_route=\/wp\/v2\/posts"}],"about":[{"href":"https:\/\/gobernacionaltaverapaz.gob.gt\/index.php?rest_route=\/wp\/v2\/types\/post"}],"author":[{"embeddable":true,"href":"https:\/\/gobernacionaltaverapaz.gob.gt\/index.php?rest_route=\/wp\/v2\/users\/1"}],"replies":[{"embeddable":true,"href":"https:\/\/gobernacionaltaverapaz.gob.gt\/index.php?rest_route=%2Fwp%2Fv2%2Fcomments&post=6116"}],"version-history":[{"count":2,"href":"https:\/\/gobernacionaltaverapaz.gob.gt\/index.php?rest_route=\/wp\/v2\/posts\/6116\/revisions"}],"predecessor-version":[{"id":6118,"href":"https:\/\/gobernacionaltaverapaz.gob.gt\/index.php?rest_route=\/wp\/v2\/posts\/6116\/revisions\/6118"}],"wp:featuredmedia":[{"embeddable":true,"href":"https:\/\/gobernacionaltaverapaz.gob.gt\/index.php?rest_route=\/wp\/v2\/media\/6108"}],"wp:attachment":[{"href":"https:\/\/gobernacionaltaverapaz.gob.gt\/index.php?rest_route=%2Fwp%2Fv2%2Fmedia&parent=6116"}],"wp:term":[{"taxonomy":"category","embeddable":true,"href":"https:\/\/gobernacionaltaverapaz.gob.gt\/index.php?rest_route=%2Fwp%2Fv2%2Fcategories&post=6116"},{"taxonomy":"post_tag","embeddable":true,"href":"https:\/\/gobernacionaltaverapaz.gob.gt\/index.php?rest_route=%2Fwp%2Fv2%2Ftags&post=6116"}],"curies":[{"name":"wp","href":"https:\/\/api.w.org\/{rel}","templated":true}]}}