{"id":6221,"date":"2019-07-09T09:19:05","date_gmt":"2019-07-09T15:19:05","guid":{"rendered":"http:\/\/gobernacionaltaverapaz.gob.gt\/?p=6221"},"modified":"2019-08-13T12:36:47","modified_gmt":"2019-08-13T18:36:47","slug":"xix-aniversario-de-fundacin-de-la-asociacin-civil-amigos-de-la-marimba-de-cobn","status":"publish","type":"post","link":"https:\/\/gobernacionaltaverapaz.gob.gt\/?p=6221","title":{"rendered":"XIX Aniversario de fundaci\u00f3n de la Asociaci\u00f3n Civil Amigos de la Marimba de Cob\u00e1n"},"content":{"rendered":"<p style=\"text-align: justify;\">Gob. M.A. Erik Nolberto Guerrero Milian, participo en la Gala del XIX aniversario de Asociaci\u00f3n Civil Amigos de la Marimba de Cob\u00e1n.<\/p>\n<p style=\"text-align: justify;\">En transcurso de este tiempo han obtenido merito a; Embajadores de la Cultura de Cob\u00e1n Alta Verapaz nominados por Municipalidad de Cob\u00e1n, Patrimonio cultural de Alta Verapaz por Gobernaci\u00f3n Departamental, Mensajeros de la Paz de Guatemala por el Ministerio de Cultura y Deportes de Guatemala y adem\u00e1s de ello diversos reconocimientos internacionales.<\/p>\n<p>&nbsp;<\/p>\n<div><\/div>\n","protected":false},"excerpt":{"rendered":"<p>En transcurso de este tiempo han obtenido merito a; Embajadores de la Cultura de Cob\u00e1n Alta Verapaz nominados por Municipalidad de Cob\u00e1n, Patrimonio cultural de Alta Verapaz por Gobernaci\u00f3n Departamental, Mensajeros de la Paz de Guatemala por el Ministerio de Cultura y Deportes de Guatemala y adem\u00e1s de ello diversos reconocimientos internacionales.<\/p>\n","protected":false},"author":1,"featured_media":6211,"comment_status":"closed","ping_status":"open","sticky":false,"template":"","format":"gallery","meta":[],"categories":[183,2,199],"tags":[178],"_links":{"self":[{"href":"https:\/\/gobernacionaltaverapaz.gob.gt\/index.php?rest_route=\/wp\/v2\/posts\/6221"}],"collection":[{"href":"https:\/\/gobernacionaltaverapaz.gob.gt\/index.php?rest_route=\/wp\/v2\/posts"}],"about":[{"href":"https:\/\/gobernacionaltaverapaz.gob.gt\/index.php?rest_route=\/wp\/v2\/types\/post"}],"author":[{"embeddable":true,"href":"https:\/\/gobernacionaltaverapaz.gob.gt\/index.php?rest_route=\/wp\/v2\/users\/1"}],"replies":[{"embeddable":true,"href":"https:\/\/gobernacionaltaverapaz.gob.gt\/index.php?rest_route=%2Fwp%2Fv2%2Fcomments&post=6221"}],"version-history":[{"count":2,"href":"https:\/\/gobernacionaltaverapaz.gob.gt\/index.php?rest_route=\/wp\/v2\/posts\/6221\/revisions"}],"predecessor-version":[{"id":6839,"href":"https:\/\/gobernacionaltaverapaz.gob.gt\/index.php?rest_route=\/wp\/v2\/posts\/6221\/revisions\/6839"}],"wp:featuredmedia":[{"embeddable":true,"href":"https:\/\/gobernacionaltaverapaz.gob.gt\/index.php?rest_route=\/wp\/v2\/media\/6211"}],"wp:attachment":[{"href":"https:\/\/gobernacionaltaverapaz.gob.gt\/index.php?rest_route=%2Fwp%2Fv2%2Fmedia&parent=6221"}],"wp:term":[{"taxonomy":"category","embeddable":true,"href":"https:\/\/gobernacionaltaverapaz.gob.gt\/index.php?rest_route=%2Fwp%2Fv2%2Fcategories&post=6221"},{"taxonomy":"post_tag","embeddable":true,"href":"https:\/\/gobernacionaltaverapaz.gob.gt\/index.php?rest_route=%2Fwp%2Fv2%2Ftags&post=6221"}],"curies":[{"name":"wp","href":"https:\/\/api.w.org\/{rel}","templated":true}]}}