{"id":6401,"date":"2019-07-11T09:38:06","date_gmt":"2019-07-11T15:38:06","guid":{"rendered":"http:\/\/gobernacionaltaverapaz.gob.gt\/?p=6401"},"modified":"2019-07-11T16:10:09","modified_gmt":"2019-07-11T22:10:09","slug":"reunin-ordinaria-red-vet-departamento-de-alta-verapaz","status":"publish","type":"post","link":"https:\/\/gobernacionaltaverapaz.gob.gt\/?p=6401","title":{"rendered":"REUNI\u00d3N ORDINARIA, -RED VET- DEPARTAMENTO DE ALTA VERAPAZ"},"content":{"rendered":"<p style=\"text-align: justify;\">Dentro del Palacio de Gobernaci\u00f3n, se realiz\u00f3 la Reuni\u00f3n Ordinaria de la Red Departamental Contra la Violencia Sexual, Explotaci\u00f3n y Trata de Personas -RED VET- del Departamento de Alta Verapaz.<\/p>\n<p style=\"text-align: justify;\">Puntos de agenda tratados; Presentaci\u00f3n y socializaci\u00f3n de los avances de las actividades realizadas por eje de trabajo de acuerdo al plan y cronograma establecido, socializaci\u00f3n de las actividades en conmemoraci\u00f3n del D\u00eda Mundial Contra la Trata de Personas, 30 de julio, entrega y socializaci\u00f3n de los titulares y suplentes de la Red VET de Alta Verapaz, Verificaci\u00f3n de cumplimiento de acuerdos y compromisos adquiridos en anterior reuni\u00f3n.<\/p>\n<p style=\"text-align: justify;\">Presentes; Cruz Roja, PGN, SBS, CODISRA, MSPAS, Refugio de la Ni\u00f1ez, PDH, DEMI, SOSEP, Pastoral Social de la Verapaz, Hospital de Cob\u00e1n, PNC, MIDES, SESAN, DEIC, DIPRONA, SCOUTS GUATEMALA, MINTRAB, SEGEPLAN, MP, INGUAT, RENAP INE Y Instituto de la Defensa Publica Penal.<\/p>\n<p>&nbsp;<\/p>\n<div><\/div>\n<p>&nbsp;<\/p>\n","protected":false},"excerpt":{"rendered":"<p>Puntos de agenda tratados; Presentaci\u00f3n y socializaci\u00f3n de los avances de las actividades realizadas por eje de trabajo de acuerdo al plan y cronograma establecido, socializaci\u00f3n de las actividades en conmemoraci\u00f3n del D\u00eda Mundial Contra la Trata de Personas.<\/p>\n","protected":false},"author":1,"featured_media":6391,"comment_status":"closed","ping_status":"open","sticky":false,"template":"","format":"gallery","meta":[],"categories":[191,199],"tags":[178],"_links":{"self":[{"href":"https:\/\/gobernacionaltaverapaz.gob.gt\/index.php?rest_route=\/wp\/v2\/posts\/6401"}],"collection":[{"href":"https:\/\/gobernacionaltaverapaz.gob.gt\/index.php?rest_route=\/wp\/v2\/posts"}],"about":[{"href":"https:\/\/gobernacionaltaverapaz.gob.gt\/index.php?rest_route=\/wp\/v2\/types\/post"}],"author":[{"embeddable":true,"href":"https:\/\/gobernacionaltaverapaz.gob.gt\/index.php?rest_route=\/wp\/v2\/users\/1"}],"replies":[{"embeddable":true,"href":"https:\/\/gobernacionaltaverapaz.gob.gt\/index.php?rest_route=%2Fwp%2Fv2%2Fcomments&post=6401"}],"version-history":[{"count":1,"href":"https:\/\/gobernacionaltaverapaz.gob.gt\/index.php?rest_route=\/wp\/v2\/posts\/6401\/revisions"}],"predecessor-version":[{"id":6402,"href":"https:\/\/gobernacionaltaverapaz.gob.gt\/index.php?rest_route=\/wp\/v2\/posts\/6401\/revisions\/6402"}],"wp:featuredmedia":[{"embeddable":true,"href":"https:\/\/gobernacionaltaverapaz.gob.gt\/index.php?rest_route=\/wp\/v2\/media\/6391"}],"wp:attachment":[{"href":"https:\/\/gobernacionaltaverapaz.gob.gt\/index.php?rest_route=%2Fwp%2Fv2%2Fmedia&parent=6401"}],"wp:term":[{"taxonomy":"category","embeddable":true,"href":"https:\/\/gobernacionaltaverapaz.gob.gt\/index.php?rest_route=%2Fwp%2Fv2%2Fcategories&post=6401"},{"taxonomy":"post_tag","embeddable":true,"href":"https:\/\/gobernacionaltaverapaz.gob.gt\/index.php?rest_route=%2Fwp%2Fv2%2Ftags&post=6401"}],"curies":[{"name":"wp","href":"https:\/\/api.w.org\/{rel}","templated":true}]}}