{"id":6410,"date":"2019-07-11T18:56:26","date_gmt":"2019-07-12T00:56:26","guid":{"rendered":"http:\/\/gobernacionaltaverapaz.gob.gt\/?p=6410"},"modified":"2019-07-18T17:10:33","modified_gmt":"2019-07-18T23:10:33","slug":"dilogo-con-jvenes-estudiantes-de-la-escuela-de-formacin-agrcola-epa","status":"publish","type":"post","link":"https:\/\/gobernacionaltaverapaz.gob.gt\/?p=6410","title":{"rendered":"DI\u00c1LOGO CON J\u00d3VENES ESTUDIANTES DE LA ESCUELA DE FORMACI\u00d3N AGR\u00cdCOLA -EFA-"},"content":{"rendered":"<p style=\"text-align: justify;\">Estudiantes del mencionado centro educativo, tomaron las instalaciones en protesta al cambio del Director Ing. Josu\u00e9 Fernando Alvarado.<\/p>\n<p style=\"text-align: justify;\">PDH inform\u00f3; como entes que visualizan la garant\u00eda de Derechos Humanos a las personas en general tanto adultos como j\u00f3venes, que los estudiantes est\u00e1n en todo derecho de hacer peticiones acerca de su calidad educativa y estabilidad en sus instalaciones, todo ello de forma escrita, por lo tanto no se comprometen a que los j\u00f3venes en su postura de no habilitar las instalaciones, esto cause un alto grado vulnerabilidad en menores de edad, por lo que padres de familia sea parte responsables de los hechos que pueda suceder.<\/p>\n<p style=\"text-align: justify;\">Gob. M.A. Erik Nolberto Guerrero Milian, inform\u00f3; comprometerse conjuntamente a las dem\u00e1s instituciones de estado, dar seguimiento a las peticiones que ellos propongan, as\u00ed mismo dejar que el reci\u00e9n nombrado Director Ing. Francisco Ismalej pueda optar al cargo y que conozca los proyectos ya encaminados, con ello a cierto tiempo evaluar el trabajo que se vaya realizando, cuando opten por desistir de la postura ya que hasta el momento les perjudica en el proceso de su formaci\u00f3n educativa y los insta a dar cumplimiento a la orden emanada del Ministerio de Agricultura, d\u00e1ndole posici\u00f3n al nuevo director, asumiendo Gobernaci\u00f3n el acompa\u00f1amiento a este proceso administrativo de transici\u00f3n.<\/p>\n<p style=\"text-align: justify;\">Representante de la Organizaci\u00f3n de Padres de Familia \u2013OPF-, orientaron a la j\u00f3venes en respetar las ornes superiores.<\/p>\n<p style=\"text-align: justify;\">J\u00f3venes presentes en el lugar, dieron a conocer que no pod\u00edan entregar las instalaciones al no estar los dem\u00e1s grados en el momento de este di\u00e1logo, por lo que se esperar\u00e1 que ellos puedan reunirse lo m\u00e1s pronto posible para dar respuesta de la postura que tomaran para consensuar y abrir el centro educativo.<\/p>\n<p style=\"text-align: justify;\">Presentes; MAGA, PDH, COPREDEH, GOBERNACI\u00d3N DEPARTAMENTAL DE ALTA VERAPAZ y Presidente de la Organizaci\u00f3n de Padres de Familia.<\/p>\n<p>&nbsp;<\/p>\n<div><\/div>\n","protected":false},"excerpt":{"rendered":"<p>El se\u00f1or Gobernador inform\u00f3; comprometerse conjuntamente a las dem\u00e1s instituciones de estado, dar seguimiento a las peticiones que ellos propongan, as\u00ed mismo dejar que el reci\u00e9n nombrado Director Ing. Francisco Ismalej pueda optar al cargo y que conozca los proyectos ya encaminados.<\/p>\n","protected":false},"author":1,"featured_media":6403,"comment_status":"closed","ping_status":"open","sticky":false,"template":"","format":"gallery","meta":[],"categories":[199],"tags":[178],"_links":{"self":[{"href":"https:\/\/gobernacionaltaverapaz.gob.gt\/index.php?rest_route=\/wp\/v2\/posts\/6410"}],"collection":[{"href":"https:\/\/gobernacionaltaverapaz.gob.gt\/index.php?rest_route=\/wp\/v2\/posts"}],"about":[{"href":"https:\/\/gobernacionaltaverapaz.gob.gt\/index.php?rest_route=\/wp\/v2\/types\/post"}],"author":[{"embeddable":true,"href":"https:\/\/gobernacionaltaverapaz.gob.gt\/index.php?rest_route=\/wp\/v2\/users\/1"}],"replies":[{"embeddable":true,"href":"https:\/\/gobernacionaltaverapaz.gob.gt\/index.php?rest_route=%2Fwp%2Fv2%2Fcomments&post=6410"}],"version-history":[{"count":3,"href":"https:\/\/gobernacionaltaverapaz.gob.gt\/index.php?rest_route=\/wp\/v2\/posts\/6410\/revisions"}],"predecessor-version":[{"id":6465,"href":"https:\/\/gobernacionaltaverapaz.gob.gt\/index.php?rest_route=\/wp\/v2\/posts\/6410\/revisions\/6465"}],"wp:featuredmedia":[{"embeddable":true,"href":"https:\/\/gobernacionaltaverapaz.gob.gt\/index.php?rest_route=\/wp\/v2\/media\/6403"}],"wp:attachment":[{"href":"https:\/\/gobernacionaltaverapaz.gob.gt\/index.php?rest_route=%2Fwp%2Fv2%2Fmedia&parent=6410"}],"wp:term":[{"taxonomy":"category","embeddable":true,"href":"https:\/\/gobernacionaltaverapaz.gob.gt\/index.php?rest_route=%2Fwp%2Fv2%2Fcategories&post=6410"},{"taxonomy":"post_tag","embeddable":true,"href":"https:\/\/gobernacionaltaverapaz.gob.gt\/index.php?rest_route=%2Fwp%2Fv2%2Ftags&post=6410"}],"curies":[{"name":"wp","href":"https:\/\/api.w.org\/{rel}","templated":true}]}}