{"id":6414,"date":"2019-07-15T15:59:17","date_gmt":"2019-07-15T21:59:17","guid":{"rendered":"http:\/\/gobernacionaltaverapaz.gob.gt\/?p=6414"},"modified":"2019-07-18T16:07:32","modified_gmt":"2019-07-18T22:07:32","slug":"reunin-comisin-de-seguridad-pblica-ciudadana","status":"publish","type":"post","link":"https:\/\/gobernacionaltaverapaz.gob.gt\/?p=6414","title":{"rendered":"REUNI\u00d3N COMISI\u00d3N DE SEGURIDAD P\u00daBLICA Y CIUDADANA"},"content":{"rendered":"<p style=\"text-align: justify;\">Objetivo: Organizar y coordinar interinstitucionalmente la recuperaci\u00f3n de \u00e1reas protegidas del Departamento de Alta Verapaz.<\/p>\n<p style=\"text-align: justify;\">Dentro de los mismos se acord\u00f3; verificar antecedentes, acciones hist\u00f3ricas de lugares invadidos en el departamento, apoyo por parte del Fondo de Tierras sobre el establecimiento de l\u00edmites territoriales, coordinar con ALCALDES y COCODES para constatar su legitimidad.<\/p>\n<p style=\"text-align: justify;\">Participaron; PNC, Ejercito de Guatemala, DIPRONA, INAB, CONAP, MP, Fiscal\u00eda de Delitos Contra el Ambiente del Ministerio Publico en Alta Verapaz, MARN y Gobernaci\u00f3n A.V.<\/p>\n<p><img decoding=\"async\" loading=\"lazy\" class=\"alignnone wp-image-6422\" src=\"http:\/\/gobernacionaltaverapaz.gob.gt\/wp-content\/uploads\/2019\/07\/008-3-300x200.jpg\" alt=\"\" width=\"355\" height=\"236\" srcset=\"https:\/\/gobernacionaltaverapaz.gob.gt\/wp-content\/uploads\/2019\/07\/008-3-300x200.jpg 300w, https:\/\/gobernacionaltaverapaz.gob.gt\/wp-content\/uploads\/2019\/07\/008-3-768x512.jpg 768w, https:\/\/gobernacionaltaverapaz.gob.gt\/wp-content\/uploads\/2019\/07\/008-3.jpg 900w\" sizes=\"(max-width: 355px) 100vw, 355px\" \/>\u00a0 <img decoding=\"async\" loading=\"lazy\" class=\"alignnone wp-image-6421\" src=\"http:\/\/gobernacionaltaverapaz.gob.gt\/wp-content\/uploads\/2019\/07\/007-4-300x200.jpg\" alt=\"\" width=\"355\" height=\"236\" srcset=\"https:\/\/gobernacionaltaverapaz.gob.gt\/wp-content\/uploads\/2019\/07\/007-4-300x200.jpg 300w, https:\/\/gobernacionaltaverapaz.gob.gt\/wp-content\/uploads\/2019\/07\/007-4-768x512.jpg 768w, https:\/\/gobernacionaltaverapaz.gob.gt\/wp-content\/uploads\/2019\/07\/007-4.jpg 900w\" sizes=\"(max-width: 355px) 100vw, 355px\" \/> <img decoding=\"async\" loading=\"lazy\" class=\"alignnone wp-image-6420\" src=\"http:\/\/gobernacionaltaverapaz.gob.gt\/wp-content\/uploads\/2019\/07\/006-6-300x200.jpg\" alt=\"\" width=\"355\" height=\"236\" srcset=\"https:\/\/gobernacionaltaverapaz.gob.gt\/wp-content\/uploads\/2019\/07\/006-6-300x200.jpg 300w, https:\/\/gobernacionaltaverapaz.gob.gt\/wp-content\/uploads\/2019\/07\/006-6-768x512.jpg 768w, https:\/\/gobernacionaltaverapaz.gob.gt\/wp-content\/uploads\/2019\/07\/006-6.jpg 900w\" sizes=\"(max-width: 355px) 100vw, 355px\" \/>\u00a0 <img decoding=\"async\" loading=\"lazy\" class=\"alignnone wp-image-6419\" src=\"http:\/\/gobernacionaltaverapaz.gob.gt\/wp-content\/uploads\/2019\/07\/005-7-300x200.jpg\" alt=\"\" width=\"354\" height=\"236\" srcset=\"https:\/\/gobernacionaltaverapaz.gob.gt\/wp-content\/uploads\/2019\/07\/005-7-300x200.jpg 300w, https:\/\/gobernacionaltaverapaz.gob.gt\/wp-content\/uploads\/2019\/07\/005-7-768x512.jpg 768w, https:\/\/gobernacionaltaverapaz.gob.gt\/wp-content\/uploads\/2019\/07\/005-7.jpg 900w\" sizes=\"(max-width: 354px) 100vw, 354px\" \/> <img decoding=\"async\" loading=\"lazy\" class=\"alignnone wp-image-6418\" src=\"http:\/\/gobernacionaltaverapaz.gob.gt\/wp-content\/uploads\/2019\/07\/004-11-300x200.jpg\" alt=\"\" width=\"354\" height=\"236\" srcset=\"https:\/\/gobernacionaltaverapaz.gob.gt\/wp-content\/uploads\/2019\/07\/004-11-300x200.jpg 300w, https:\/\/gobernacionaltaverapaz.gob.gt\/wp-content\/uploads\/2019\/07\/004-11-768x512.jpg 768w, https:\/\/gobernacionaltaverapaz.gob.gt\/wp-content\/uploads\/2019\/07\/004-11.jpg 900w\" sizes=\"(max-width: 354px) 100vw, 354px\" \/>\u00a0 <img decoding=\"async\" loading=\"lazy\" class=\"alignnone wp-image-6417\" src=\"http:\/\/gobernacionaltaverapaz.gob.gt\/wp-content\/uploads\/2019\/07\/003-11-300x200.jpg\" alt=\"\" width=\"354\" height=\"236\" srcset=\"https:\/\/gobernacionaltaverapaz.gob.gt\/wp-content\/uploads\/2019\/07\/003-11-300x200.jpg 300w, https:\/\/gobernacionaltaverapaz.gob.gt\/wp-content\/uploads\/2019\/07\/003-11-768x512.jpg 768w, https:\/\/gobernacionaltaverapaz.gob.gt\/wp-content\/uploads\/2019\/07\/003-11.jpg 900w\" sizes=\"(max-width: 354px) 100vw, 354px\" \/> <img decoding=\"async\" loading=\"lazy\" class=\"alignnone wp-image-6416\" src=\"http:\/\/gobernacionaltaverapaz.gob.gt\/wp-content\/uploads\/2019\/07\/002-11-300x200.jpg\" alt=\"\" width=\"354\" height=\"236\" srcset=\"https:\/\/gobernacionaltaverapaz.gob.gt\/wp-content\/uploads\/2019\/07\/002-11-300x200.jpg 300w, https:\/\/gobernacionaltaverapaz.gob.gt\/wp-content\/uploads\/2019\/07\/002-11-768x512.jpg 768w, https:\/\/gobernacionaltaverapaz.gob.gt\/wp-content\/uploads\/2019\/07\/002-11.jpg 900w\" sizes=\"(max-width: 354px) 100vw, 354px\" \/>\u00a0 <img decoding=\"async\" loading=\"lazy\" class=\"alignnone wp-image-6415\" src=\"http:\/\/gobernacionaltaverapaz.gob.gt\/wp-content\/uploads\/2019\/07\/001-11-300x200.jpg\" alt=\"\" width=\"354\" height=\"236\" srcset=\"https:\/\/gobernacionaltaverapaz.gob.gt\/wp-content\/uploads\/2019\/07\/001-11-300x200.jpg 300w, https:\/\/gobernacionaltaverapaz.gob.gt\/wp-content\/uploads\/2019\/07\/001-11-768x512.jpg 768w, https:\/\/gobernacionaltaverapaz.gob.gt\/wp-content\/uploads\/2019\/07\/001-11.jpg 900w\" sizes=\"(max-width: 354px) 100vw, 354px\" \/><\/p>\n<p>&nbsp;<\/p>\n","protected":false},"excerpt":{"rendered":"<p>Objetivo: Organizar y coordinar interinstitucionalmente la recuperaci\u00f3n de \u00e1reas protegidas del Departamento de Alta Verapaz.<\/p>\n","protected":false},"author":1,"featured_media":6422,"comment_status":"closed","ping_status":"open","sticky":false,"template":"","format":"gallery","meta":[],"categories":[199],"tags":[178],"_links":{"self":[{"href":"https:\/\/gobernacionaltaverapaz.gob.gt\/index.php?rest_route=\/wp\/v2\/posts\/6414"}],"collection":[{"href":"https:\/\/gobernacionaltaverapaz.gob.gt\/index.php?rest_route=\/wp\/v2\/posts"}],"about":[{"href":"https:\/\/gobernacionaltaverapaz.gob.gt\/index.php?rest_route=\/wp\/v2\/types\/post"}],"author":[{"embeddable":true,"href":"https:\/\/gobernacionaltaverapaz.gob.gt\/index.php?rest_route=\/wp\/v2\/users\/1"}],"replies":[{"embeddable":true,"href":"https:\/\/gobernacionaltaverapaz.gob.gt\/index.php?rest_route=%2Fwp%2Fv2%2Fcomments&post=6414"}],"version-history":[{"count":9,"href":"https:\/\/gobernacionaltaverapaz.gob.gt\/index.php?rest_route=\/wp\/v2\/posts\/6414\/revisions"}],"predecessor-version":[{"id":6431,"href":"https:\/\/gobernacionaltaverapaz.gob.gt\/index.php?rest_route=\/wp\/v2\/posts\/6414\/revisions\/6431"}],"wp:featuredmedia":[{"embeddable":true,"href":"https:\/\/gobernacionaltaverapaz.gob.gt\/index.php?rest_route=\/wp\/v2\/media\/6422"}],"wp:attachment":[{"href":"https:\/\/gobernacionaltaverapaz.gob.gt\/index.php?rest_route=%2Fwp%2Fv2%2Fmedia&parent=6414"}],"wp:term":[{"taxonomy":"category","embeddable":true,"href":"https:\/\/gobernacionaltaverapaz.gob.gt\/index.php?rest_route=%2Fwp%2Fv2%2Fcategories&post=6414"},{"taxonomy":"post_tag","embeddable":true,"href":"https:\/\/gobernacionaltaverapaz.gob.gt\/index.php?rest_route=%2Fwp%2Fv2%2Ftags&post=6414"}],"curies":[{"name":"wp","href":"https:\/\/api.w.org\/{rel}","templated":true}]}}