{"id":6449,"date":"2019-07-16T17:53:26","date_gmt":"2019-07-16T23:53:26","guid":{"rendered":"http:\/\/gobernacionaltaverapaz.gob.gt\/?p=6449"},"modified":"2019-08-13T12:27:41","modified_gmt":"2019-08-13T18:27:41","slug":"recuperacin-escuela-de-formacin-agrcola-efa","status":"publish","type":"post","link":"https:\/\/gobernacionaltaverapaz.gob.gt\/?p=6449","title":{"rendered":"Recuperaci\u00f3n de Escuela de Formaci\u00f3n Agr\u00edcola -EFA-"},"content":{"rendered":"<p style=\"text-align: justify;\">Ante la inconformidad de alumnos de este establecimiento educativo con respecto al cambio de director, los mismos mantuvieron por 4 d\u00edas cerrado las instalaciones en protesta del acuerdo emitida por el Ministerio de Agricultura, Ganader\u00eda y Alimentaci\u00f3n, -MAGA-.<\/p>\n<p style=\"text-align: justify;\">Gob. M.A. Erik Nolberto Guerrero Milian, juntamente con PDH, COPREDEH, PNC y Delegado Departamental MAGA, se mantuvo en diversas ocasiones un di\u00e1logo en busca d<span class=\"textexposedshow\">e alternativas para continuar con el proceso educativo de manera pac\u00edfica.<\/span><\/p>\n<p style=\"text-align: justify;\">No teniendo respuesta de las mismas, se aboco a la instancia del Organismo Judicial para la exhibici\u00f3n personal, luego Procuradur\u00eda General de la Naci\u00f3n -PGN- en este departamento, se dict\u00f3 medidas de protecci\u00f3n en favor de los adolescentes ya que las acciones de bloqueo a estas instalaciones fueron por j\u00f3venes menores de 18 a\u00f1os, en favor de los mismos, el procedimiento para salvaguardar la vida, seguridad e integridad f\u00edsica.<\/p>\n<p style=\"text-align: justify;\">Organismo Judicial al finalizar la revisi\u00f3n y verificar del listado de alumnos presentes, Procuradur\u00eda General de la Naci\u00f3n intervino en un di\u00e1logo junto a los protestantes, los cuales decidieron desistir del bloqueo y la instituci\u00f3n llamar a cada padre de familia o encargado del alumno, en el lapso de 5 HRS. se dio por finalizada la entrega.<\/p>\n<p style=\"text-align: justify;\">Las clases se reanudar\u00e1n en d\u00edas posteriores, lo cual se dar\u00e1 a conocer por medio de comunicado de prensa a trav\u00e9s de medios de comunicaci\u00f3n escritos, medios digitales y canales locales.<\/p>\n<div><\/div>\n","protected":false},"excerpt":{"rendered":"<p>Las clases se reanudar\u00e1n en d\u00edas posteriores, lo cual se dar\u00e1 a conocer por medio de comunicado de prensa a trav\u00e9s de medios de comunicaci\u00f3n escritos, medios digitales y canales locales.<\/p>\n","protected":false},"author":1,"featured_media":6456,"comment_status":"closed","ping_status":"open","sticky":false,"template":"","format":"gallery","meta":[],"categories":[2],"tags":[178],"_links":{"self":[{"href":"https:\/\/gobernacionaltaverapaz.gob.gt\/index.php?rest_route=\/wp\/v2\/posts\/6449"}],"collection":[{"href":"https:\/\/gobernacionaltaverapaz.gob.gt\/index.php?rest_route=\/wp\/v2\/posts"}],"about":[{"href":"https:\/\/gobernacionaltaverapaz.gob.gt\/index.php?rest_route=\/wp\/v2\/types\/post"}],"author":[{"embeddable":true,"href":"https:\/\/gobernacionaltaverapaz.gob.gt\/index.php?rest_route=\/wp\/v2\/users\/1"}],"replies":[{"embeddable":true,"href":"https:\/\/gobernacionaltaverapaz.gob.gt\/index.php?rest_route=%2Fwp%2Fv2%2Fcomments&post=6449"}],"version-history":[{"count":4,"href":"https:\/\/gobernacionaltaverapaz.gob.gt\/index.php?rest_route=\/wp\/v2\/posts\/6449\/revisions"}],"predecessor-version":[{"id":6838,"href":"https:\/\/gobernacionaltaverapaz.gob.gt\/index.php?rest_route=\/wp\/v2\/posts\/6449\/revisions\/6838"}],"wp:featuredmedia":[{"embeddable":true,"href":"https:\/\/gobernacionaltaverapaz.gob.gt\/index.php?rest_route=\/wp\/v2\/media\/6456"}],"wp:attachment":[{"href":"https:\/\/gobernacionaltaverapaz.gob.gt\/index.php?rest_route=%2Fwp%2Fv2%2Fmedia&parent=6449"}],"wp:term":[{"taxonomy":"category","embeddable":true,"href":"https:\/\/gobernacionaltaverapaz.gob.gt\/index.php?rest_route=%2Fwp%2Fv2%2Fcategories&post=6449"},{"taxonomy":"post_tag","embeddable":true,"href":"https:\/\/gobernacionaltaverapaz.gob.gt\/index.php?rest_route=%2Fwp%2Fv2%2Ftags&post=6449"}],"curies":[{"name":"wp","href":"https:\/\/api.w.org\/{rel}","templated":true}]}}