{"id":6500,"date":"2019-07-18T15:49:21","date_gmt":"2019-07-18T21:49:21","guid":{"rendered":"http:\/\/gobernacionaltaverapaz.gob.gt\/?p=6500"},"modified":"2019-08-13T12:25:13","modified_gmt":"2019-08-13T18:25:13","slug":"induccin-bienvenida-extensionistas-de-desarrollo-agropecuario-rural-dar","status":"publish","type":"post","link":"https:\/\/gobernacionaltaverapaz.gob.gt\/?p=6500","title":{"rendered":"Inducci\u00f3n y Bienvenida a extensionistas de Desarrollo Agropecuario Rural -DAR-"},"content":{"rendered":"<p style=\"text-align: justify;\">En las instalaciones del Ministerio de Agricultura Ganader\u00eda y Alimentaci\u00f3n del departamento de Alta Verapaz, realizaron actividad de Inducci\u00f3n y Bienvenida a los profesionales que fungir\u00e1n como extensionistas de Desarrollo Agropecuario Rural -DAR- de este Ministerio.<\/p>\n<p style=\"text-align: justify;\">En la misma el Gobernador Departamental, M.A. Erik Nolberto Guerrero Milian, motiv\u00f3 a los nuevos integrantes y a los profesionales 011, para dar lo mejor en cada actividad que se desarrolle en los diferentes municipios, como el esfuerzo constante para generar cambios en la instituci\u00f3n.<\/p>\n<p>&nbsp;<\/p>\n<div><\/div>\n","protected":false},"excerpt":{"rendered":"<p>En la misma el se\u00f1or Gobernador Departamental, motiv\u00f3 a los nuevos integrantes y a los profesionales, para dar lo mejor en cada actividad que se desarrolle en los diferentes municipios.<\/p>\n","protected":false},"author":1,"featured_media":6484,"comment_status":"closed","ping_status":"open","sticky":false,"template":"","format":"gallery","meta":[],"categories":[191,199],"tags":[178],"_links":{"self":[{"href":"https:\/\/gobernacionaltaverapaz.gob.gt\/index.php?rest_route=\/wp\/v2\/posts\/6500"}],"collection":[{"href":"https:\/\/gobernacionaltaverapaz.gob.gt\/index.php?rest_route=\/wp\/v2\/posts"}],"about":[{"href":"https:\/\/gobernacionaltaverapaz.gob.gt\/index.php?rest_route=\/wp\/v2\/types\/post"}],"author":[{"embeddable":true,"href":"https:\/\/gobernacionaltaverapaz.gob.gt\/index.php?rest_route=\/wp\/v2\/users\/1"}],"replies":[{"embeddable":true,"href":"https:\/\/gobernacionaltaverapaz.gob.gt\/index.php?rest_route=%2Fwp%2Fv2%2Fcomments&post=6500"}],"version-history":[{"count":5,"href":"https:\/\/gobernacionaltaverapaz.gob.gt\/index.php?rest_route=\/wp\/v2\/posts\/6500\/revisions"}],"predecessor-version":[{"id":6836,"href":"https:\/\/gobernacionaltaverapaz.gob.gt\/index.php?rest_route=\/wp\/v2\/posts\/6500\/revisions\/6836"}],"wp:featuredmedia":[{"embeddable":true,"href":"https:\/\/gobernacionaltaverapaz.gob.gt\/index.php?rest_route=\/wp\/v2\/media\/6484"}],"wp:attachment":[{"href":"https:\/\/gobernacionaltaverapaz.gob.gt\/index.php?rest_route=%2Fwp%2Fv2%2Fmedia&parent=6500"}],"wp:term":[{"taxonomy":"category","embeddable":true,"href":"https:\/\/gobernacionaltaverapaz.gob.gt\/index.php?rest_route=%2Fwp%2Fv2%2Fcategories&post=6500"},{"taxonomy":"post_tag","embeddable":true,"href":"https:\/\/gobernacionaltaverapaz.gob.gt\/index.php?rest_route=%2Fwp%2Fv2%2Ftags&post=6500"}],"curies":[{"name":"wp","href":"https:\/\/api.w.org\/{rel}","templated":true}]}}