{"id":6526,"date":"2019-07-22T16:50:29","date_gmt":"2019-07-22T22:50:29","guid":{"rendered":"http:\/\/gobernacionaltaverapaz.gob.gt\/?p=6526"},"modified":"2019-08-13T12:07:34","modified_gmt":"2019-08-13T18:07:34","slug":"inauguracin-de-ampliacin-escuela-primaria-prof-filiberto-sierra-aldea-chijou-del-municipio-de-santa-cruz-verapaz","status":"publish","type":"post","link":"https:\/\/gobernacionaltaverapaz.gob.gt\/?p=6526","title":{"rendered":"Inauguraci\u00f3n de Ampliaci\u00f3n a Escuela Primaria &#8220;PROF. FILIBERTO SIERRA&#8221;, Aldea Chijou del municipio de Santa Cruz Verapaz"},"content":{"rendered":"<p style=\"text-align: justify;\">Con aporte del Consejo Departamental de Desarrollo y Municipalidad, se realiz\u00f3 inauguraci\u00f3n de ampliaci\u00f3n a; E.O.R.M. &#8220;PROF. FILIBERTO SIERRA&#8221;, Aldea Chijou del mencionado municipio, el cual cuenta con 4 aulas en 2 niveles, rampa de acceso y cancha polideportiva.<\/p>\n<p style=\"text-align: justify;\">Gob. M.A. Erik Nolberto Guerrero Milian, expres\u00f3; &#8220;estar contento de la finalizaci\u00f3n de tan magn\u00edfico proyecto en el que los 140 ni\u00f1os que asisten a este centro educativo logren optar a aulas dignas, escritorios, pizarra y accesos los cuales beneficia a todos, con esto dar gracias al Gobierno Central por aportar a la educaci\u00f3n&#8221;.<\/p>\n<p style=\"text-align: justify;\">En el acto se tuvo palabras de autoridades municipales, catedr\u00e1ticos, COCODE, CTA y personas invitadas, as\u00ed mismo se entregaron las llaves de las instalaciones al director del establecimiento, corte de cinta en; cancha polideportiva, aulas y rampa de acceso.<\/p>\n<div><\/div>\n<p>&nbsp;<\/p>\n<p><a href=\"https:\/\/www.facebook.com\/GobernacionAV\/photos\/pcb.853966224985975\/853951201654144\/?type=3&amp;theater\" target=\"_blank\" rel=\"noopener\"><img decoding=\"async\" loading=\"lazy\" class=\"alignnone wp-image-3872\" title=\"Ver galer\u00eda en Facebook\" src=\"http:\/\/gobernacionaltaverapaz.gob.gt\/wp-content\/uploads\/2019\/05\/boton-galeria_fotos-150x150-300x99.jpg\" alt=\"\" width=\"200\" height=\"66\" \/><\/a><\/p>\n","protected":false},"excerpt":{"rendered":"<p>El proyecto beneficia a 140 ni\u00f1os que asisten a este centro educativo y poder optar a aulas dignas, escritorios, pizarra y accesos, los cuales beneficia a todos.<\/p>\n","protected":false},"author":1,"featured_media":6520,"comment_status":"closed","ping_status":"open","sticky":false,"template":"","format":"gallery","meta":[],"categories":[2,195,199],"tags":[178],"_links":{"self":[{"href":"https:\/\/gobernacionaltaverapaz.gob.gt\/index.php?rest_route=\/wp\/v2\/posts\/6526"}],"collection":[{"href":"https:\/\/gobernacionaltaverapaz.gob.gt\/index.php?rest_route=\/wp\/v2\/posts"}],"about":[{"href":"https:\/\/gobernacionaltaverapaz.gob.gt\/index.php?rest_route=\/wp\/v2\/types\/post"}],"author":[{"embeddable":true,"href":"https:\/\/gobernacionaltaverapaz.gob.gt\/index.php?rest_route=\/wp\/v2\/users\/1"}],"replies":[{"embeddable":true,"href":"https:\/\/gobernacionaltaverapaz.gob.gt\/index.php?rest_route=%2Fwp%2Fv2%2Fcomments&post=6526"}],"version-history":[{"count":2,"href":"https:\/\/gobernacionaltaverapaz.gob.gt\/index.php?rest_route=\/wp\/v2\/posts\/6526\/revisions"}],"predecessor-version":[{"id":6832,"href":"https:\/\/gobernacionaltaverapaz.gob.gt\/index.php?rest_route=\/wp\/v2\/posts\/6526\/revisions\/6832"}],"wp:featuredmedia":[{"embeddable":true,"href":"https:\/\/gobernacionaltaverapaz.gob.gt\/index.php?rest_route=\/wp\/v2\/media\/6520"}],"wp:attachment":[{"href":"https:\/\/gobernacionaltaverapaz.gob.gt\/index.php?rest_route=%2Fwp%2Fv2%2Fmedia&parent=6526"}],"wp:term":[{"taxonomy":"category","embeddable":true,"href":"https:\/\/gobernacionaltaverapaz.gob.gt\/index.php?rest_route=%2Fwp%2Fv2%2Fcategories&post=6526"},{"taxonomy":"post_tag","embeddable":true,"href":"https:\/\/gobernacionaltaverapaz.gob.gt\/index.php?rest_route=%2Fwp%2Fv2%2Ftags&post=6526"}],"curies":[{"name":"wp","href":"https:\/\/api.w.org\/{rel}","templated":true}]}}