{"id":6562,"date":"2019-07-23T17:59:32","date_gmt":"2019-07-23T23:59:32","guid":{"rendered":"http:\/\/gobernacionaltaverapaz.gob.gt\/?p=6562"},"modified":"2019-08-13T11:51:52","modified_gmt":"2019-08-13T17:51:52","slug":"conferencia-de-prensa-mes-de-la-salud-sexual-reproductiva-en-el-marco-de-la-paternidad-maternidad-responsable","status":"publish","type":"post","link":"https:\/\/gobernacionaltaverapaz.gob.gt\/?p=6562","title":{"rendered":"Conferencia de Prensa &#8220;Mes de la Salud Sexual y Reproductiva en el Marco de la Paternidad y Maternidad Responsable&#8221;"},"content":{"rendered":"<p style=\"text-align: justify;\">Con el objetivo de; concientizar a la poblaci\u00f3n sobre las problem\u00e1ticas de la Salud Reproductiva e invitar a las actividades de promoci\u00f3n y prevenci\u00f3n de la salud que se estar\u00e1n realizando en Agosto Mes de la Salud Sexual y Reproductiva en Alta Verapaz.<\/p>\n<p style=\"text-align: justify;\">As\u00ed mismo se dieron a conocer la apertura de la Cl\u00ednica de PF Hospital Cob\u00e1n.<\/p>\n<p>&nbsp;<\/p>\n<div><\/div>\n","protected":false},"excerpt":{"rendered":"<p>Con el objetivo de concientizar a la poblaci\u00f3n sobre las problem\u00e1ticas de la Salud Reproductiva.<\/p>\n","protected":false},"author":1,"featured_media":6554,"comment_status":"closed","ping_status":"open","sticky":false,"template":"","format":"gallery","meta":[],"categories":[191,183,199,5],"tags":[178],"_links":{"self":[{"href":"https:\/\/gobernacionaltaverapaz.gob.gt\/index.php?rest_route=\/wp\/v2\/posts\/6562"}],"collection":[{"href":"https:\/\/gobernacionaltaverapaz.gob.gt\/index.php?rest_route=\/wp\/v2\/posts"}],"about":[{"href":"https:\/\/gobernacionaltaverapaz.gob.gt\/index.php?rest_route=\/wp\/v2\/types\/post"}],"author":[{"embeddable":true,"href":"https:\/\/gobernacionaltaverapaz.gob.gt\/index.php?rest_route=\/wp\/v2\/users\/1"}],"replies":[{"embeddable":true,"href":"https:\/\/gobernacionaltaverapaz.gob.gt\/index.php?rest_route=%2Fwp%2Fv2%2Fcomments&post=6562"}],"version-history":[{"count":2,"href":"https:\/\/gobernacionaltaverapaz.gob.gt\/index.php?rest_route=\/wp\/v2\/posts\/6562\/revisions"}],"predecessor-version":[{"id":6828,"href":"https:\/\/gobernacionaltaverapaz.gob.gt\/index.php?rest_route=\/wp\/v2\/posts\/6562\/revisions\/6828"}],"wp:featuredmedia":[{"embeddable":true,"href":"https:\/\/gobernacionaltaverapaz.gob.gt\/index.php?rest_route=\/wp\/v2\/media\/6554"}],"wp:attachment":[{"href":"https:\/\/gobernacionaltaverapaz.gob.gt\/index.php?rest_route=%2Fwp%2Fv2%2Fmedia&parent=6562"}],"wp:term":[{"taxonomy":"category","embeddable":true,"href":"https:\/\/gobernacionaltaverapaz.gob.gt\/index.php?rest_route=%2Fwp%2Fv2%2Fcategories&post=6562"},{"taxonomy":"post_tag","embeddable":true,"href":"https:\/\/gobernacionaltaverapaz.gob.gt\/index.php?rest_route=%2Fwp%2Fv2%2Ftags&post=6562"}],"curies":[{"name":"wp","href":"https:\/\/api.w.org\/{rel}","templated":true}]}}