{"id":6572,"date":"2019-07-24T12:36:46","date_gmt":"2019-07-24T18:36:46","guid":{"rendered":"http:\/\/gobernacionaltaverapaz.gob.gt\/?p=6572"},"modified":"2019-08-13T11:26:43","modified_gmt":"2019-08-13T17:26:43","slug":"taller-de-implementacin-espacios-de-desarrollo-infantil-en-familia-edif-en-el-municipio-de-san-pedro-carch","status":"publish","type":"post","link":"https:\/\/gobernacionaltaverapaz.gob.gt\/?p=6572","title":{"rendered":"Taller de Implementaci\u00f3n &#8220;Espacios de Desarrollo Infantil en Familia&#8221; -EDIF-, en el municipio de San Pedro Carch\u00e1"},"content":{"rendered":"<p style=\"text-align: justify;\">Gob. M.A. Erik Nolberto Guerrero Milian, participo en la apertura al taller -EDIF-.<\/p>\n<p style=\"text-align: justify;\">Con los objetivos de; compartir las fortalezas y dificultades en el proceso de implementaci\u00f3n de Espacios de Desarrollo Infantil en Familia -EDIF-, solucionar colectivamente las dificultades en el proceso y analizar cr\u00edticamente unidad II completa.<\/p>\n<p style=\"text-align: justify;\">Para esto se desarrollar\u00e1 la revisi\u00f3n final de los m\u00f3dulos que se tienen para la atenci\u00f3n de las familias que llegan a los EDIF con sus ni\u00f1os, para poder estimularlos oportunamente y favorecer su desarrollo infantil, contando con una experta consultora en Desarrollo Infantil, del pa\u00eds de Chile.<\/p>\n<p style=\"text-align: justify;\">Participan personas de Alta Verapaz, Totonicap\u00e1n, Jalapa y Huehuetenango, con el apoyo de; Ministerio de Salud en el tema de Desarrollo Infantil, UNICEF y SESAN.<\/p>\n<p>&nbsp;<\/p>\n<div><\/div>\n","protected":false},"excerpt":{"rendered":"<p>Con los objetivos de compartir las fortalezas y dificultades en el proceso de implementaci\u00f3n de Espacios de Desarrollo Infantil en Familia -EDIF-.<\/p>\n","protected":false},"author":1,"featured_media":6564,"comment_status":"closed","ping_status":"open","sticky":false,"template":"","format":"gallery","meta":[],"categories":[191,183,199],"tags":[178],"_links":{"self":[{"href":"https:\/\/gobernacionaltaverapaz.gob.gt\/index.php?rest_route=\/wp\/v2\/posts\/6572"}],"collection":[{"href":"https:\/\/gobernacionaltaverapaz.gob.gt\/index.php?rest_route=\/wp\/v2\/posts"}],"about":[{"href":"https:\/\/gobernacionaltaverapaz.gob.gt\/index.php?rest_route=\/wp\/v2\/types\/post"}],"author":[{"embeddable":true,"href":"https:\/\/gobernacionaltaverapaz.gob.gt\/index.php?rest_route=\/wp\/v2\/users\/1"}],"replies":[{"embeddable":true,"href":"https:\/\/gobernacionaltaverapaz.gob.gt\/index.php?rest_route=%2Fwp%2Fv2%2Fcomments&post=6572"}],"version-history":[{"count":7,"href":"https:\/\/gobernacionaltaverapaz.gob.gt\/index.php?rest_route=\/wp\/v2\/posts\/6572\/revisions"}],"predecessor-version":[{"id":6827,"href":"https:\/\/gobernacionaltaverapaz.gob.gt\/index.php?rest_route=\/wp\/v2\/posts\/6572\/revisions\/6827"}],"wp:featuredmedia":[{"embeddable":true,"href":"https:\/\/gobernacionaltaverapaz.gob.gt\/index.php?rest_route=\/wp\/v2\/media\/6564"}],"wp:attachment":[{"href":"https:\/\/gobernacionaltaverapaz.gob.gt\/index.php?rest_route=%2Fwp%2Fv2%2Fmedia&parent=6572"}],"wp:term":[{"taxonomy":"category","embeddable":true,"href":"https:\/\/gobernacionaltaverapaz.gob.gt\/index.php?rest_route=%2Fwp%2Fv2%2Fcategories&post=6572"},{"taxonomy":"post_tag","embeddable":true,"href":"https:\/\/gobernacionaltaverapaz.gob.gt\/index.php?rest_route=%2Fwp%2Fv2%2Ftags&post=6572"}],"curies":[{"name":"wp","href":"https:\/\/api.w.org\/{rel}","templated":true}]}}