{"id":6587,"date":"2019-07-24T17:49:05","date_gmt":"2019-07-24T23:49:05","guid":{"rendered":"http:\/\/gobernacionaltaverapaz.gob.gt\/?p=6587"},"modified":"2019-08-13T10:54:57","modified_gmt":"2019-08-13T16:54:57","slug":"taller-de-induccin-brigadas-de-nutricin-alta-verapaz-en-el-municipio-de-san-pedro-carch","status":"publish","type":"post","link":"https:\/\/gobernacionaltaverapaz.gob.gt\/?p=6587","title":{"rendered":"Taller de Inducci\u00f3n a Brigadas de Nutrici\u00f3n Alta Verapaz, en el municipio de San Pedro Carch\u00e1"},"content":{"rendered":"<p style=\"text-align: justify;\">Gob. M.A. Erik Nolberto Guerrero Milian, se dirigi\u00f3 a los participantes de los diferentes municipios, haci\u00e9ndoles visualizar lo importante de estos temas para el departamento y agradecer a las instituciones quienes hacen posible estos talleres.<\/p>\n<p style=\"text-align: justify;\">Para atender la Desnutrici\u00f3n Aguda, se formar\u00e1 10 brigadas, los cuales incluyen una nutricionista y tres auxiliares de enfermer\u00eda o trabajadores sociales, quienes trabajaran en siete municipios prioritarios detectando ni\u00f1os con desnutrici\u00f3n aguda, dando orientaci\u00f3n a las familias de ni\u00f1os afectados y formando talleres comunitarios para lograr identificar a ni\u00f1os que padezcan a desnutrici\u00f3n.<\/p>\n<p style=\"text-align: justify;\">Con este trabajo referirlos a puestos de salud para ser tratados adecuadamente.<\/p>\n<p style=\"text-align: justify;\">Con el apoyo de; Ministerio de Salud y UNICEF.<\/p>\n<p>&nbsp;<\/p>\n<div><\/div>\n","protected":false},"excerpt":{"rendered":"<p>Para atender la Desnutrici\u00f3n Aguda, se formar\u00e1 10 brigadas, los cuales incluyen una nutricionista y tres auxiliares de enfermer\u00eda o trabajadores sociales, quienes trabajaran en siete municipios prioritarios.<\/p>\n","protected":false},"author":1,"featured_media":6576,"comment_status":"closed","ping_status":"open","sticky":false,"template":"","format":"gallery","meta":[],"categories":[191,199,5],"tags":[178],"_links":{"self":[{"href":"https:\/\/gobernacionaltaverapaz.gob.gt\/index.php?rest_route=\/wp\/v2\/posts\/6587"}],"collection":[{"href":"https:\/\/gobernacionaltaverapaz.gob.gt\/index.php?rest_route=\/wp\/v2\/posts"}],"about":[{"href":"https:\/\/gobernacionaltaverapaz.gob.gt\/index.php?rest_route=\/wp\/v2\/types\/post"}],"author":[{"embeddable":true,"href":"https:\/\/gobernacionaltaverapaz.gob.gt\/index.php?rest_route=\/wp\/v2\/users\/1"}],"replies":[{"embeddable":true,"href":"https:\/\/gobernacionaltaverapaz.gob.gt\/index.php?rest_route=%2Fwp%2Fv2%2Fcomments&post=6587"}],"version-history":[{"count":3,"href":"https:\/\/gobernacionaltaverapaz.gob.gt\/index.php?rest_route=\/wp\/v2\/posts\/6587\/revisions"}],"predecessor-version":[{"id":6823,"href":"https:\/\/gobernacionaltaverapaz.gob.gt\/index.php?rest_route=\/wp\/v2\/posts\/6587\/revisions\/6823"}],"wp:featuredmedia":[{"embeddable":true,"href":"https:\/\/gobernacionaltaverapaz.gob.gt\/index.php?rest_route=\/wp\/v2\/media\/6576"}],"wp:attachment":[{"href":"https:\/\/gobernacionaltaverapaz.gob.gt\/index.php?rest_route=%2Fwp%2Fv2%2Fmedia&parent=6587"}],"wp:term":[{"taxonomy":"category","embeddable":true,"href":"https:\/\/gobernacionaltaverapaz.gob.gt\/index.php?rest_route=%2Fwp%2Fv2%2Fcategories&post=6587"},{"taxonomy":"post_tag","embeddable":true,"href":"https:\/\/gobernacionaltaverapaz.gob.gt\/index.php?rest_route=%2Fwp%2Fv2%2Ftags&post=6587"}],"curies":[{"name":"wp","href":"https:\/\/api.w.org\/{rel}","templated":true}]}}