{"id":6604,"date":"2019-07-25T17:47:53","date_gmt":"2019-07-25T23:47:53","guid":{"rendered":"http:\/\/gobernacionaltaverapaz.gob.gt\/?p=6604"},"modified":"2019-08-13T10:43:19","modified_gmt":"2019-08-13T16:43:19","slug":"presentacin-de-resultados-de-atencin-la-conflictividad-donantes-de-la-unin-europea","status":"publish","type":"post","link":"https:\/\/gobernacionaltaverapaz.gob.gt\/?p=6604","title":{"rendered":"Presentaci\u00f3n de Resultados de Atenci\u00f3n a la Conflictividad a Donantes de la Uni\u00f3n Europea"},"content":{"rendered":"<p style=\"text-align: justify;\">Con el objetivo de; dar a conocer los avances del proyecto &#8220;Fortalecimiento de la Gobernanza Territorial&#8221;, conocer los logros cualitativos alcanzados en la implementaci\u00f3n del proyecto, especialmente en la articulaci\u00f3n de acciones para la resoluci\u00f3n de conflictos agrarios, en alianza con la institucionalidad agraria, la municipalidad y la Comisi\u00f3n Agraria Departamental y socializar las acciones realizadas en las SUBCAD FTN y Polochic, en el marco del proyecto FGT.<\/p>\n<p style=\"text-align: justify;\">Gob. M.A. Erik Nolberto Guerrero Milian, manifest\u00f3; estar comprometido con cada instituci\u00f3n que vele por el bienestar del Departamento de Alta Verapaz, por ello se ha asignado a personal y oficina por parte de Gobernaci\u00f3n para el avance de los mismo&#8221;.<\/p>\n<p style=\"text-align: justify;\">Presentes; UNI\u00d3N EUROPEA, MercyCorps, ADRI y Gobernaci\u00f3n Departamental.<\/p>\n<p>&nbsp;<\/p>\n<div><\/div>\n","protected":false},"excerpt":{"rendered":"<p>Con el objetivo de dar a conocer los avances del proyecto &#8220;Fortalecimiento de la Gobernanza Territorial&#8221;, conocer los logros cualitativos alcanzados en la implementaci\u00f3n del proyecto, especialmente en la articulaci\u00f3n de acciones para la resoluci\u00f3n de conflictos agrarios.<\/p>\n","protected":false},"author":1,"featured_media":6591,"comment_status":"closed","ping_status":"open","sticky":false,"template":"","format":"gallery","meta":[],"categories":[191,199],"tags":[178],"_links":{"self":[{"href":"https:\/\/gobernacionaltaverapaz.gob.gt\/index.php?rest_route=\/wp\/v2\/posts\/6604"}],"collection":[{"href":"https:\/\/gobernacionaltaverapaz.gob.gt\/index.php?rest_route=\/wp\/v2\/posts"}],"about":[{"href":"https:\/\/gobernacionaltaverapaz.gob.gt\/index.php?rest_route=\/wp\/v2\/types\/post"}],"author":[{"embeddable":true,"href":"https:\/\/gobernacionaltaverapaz.gob.gt\/index.php?rest_route=\/wp\/v2\/users\/1"}],"replies":[{"embeddable":true,"href":"https:\/\/gobernacionaltaverapaz.gob.gt\/index.php?rest_route=%2Fwp%2Fv2%2Fcomments&post=6604"}],"version-history":[{"count":3,"href":"https:\/\/gobernacionaltaverapaz.gob.gt\/index.php?rest_route=\/wp\/v2\/posts\/6604\/revisions"}],"predecessor-version":[{"id":6822,"href":"https:\/\/gobernacionaltaverapaz.gob.gt\/index.php?rest_route=\/wp\/v2\/posts\/6604\/revisions\/6822"}],"wp:featuredmedia":[{"embeddable":true,"href":"https:\/\/gobernacionaltaverapaz.gob.gt\/index.php?rest_route=\/wp\/v2\/media\/6591"}],"wp:attachment":[{"href":"https:\/\/gobernacionaltaverapaz.gob.gt\/index.php?rest_route=%2Fwp%2Fv2%2Fmedia&parent=6604"}],"wp:term":[{"taxonomy":"category","embeddable":true,"href":"https:\/\/gobernacionaltaverapaz.gob.gt\/index.php?rest_route=%2Fwp%2Fv2%2Fcategories&post=6604"},{"taxonomy":"post_tag","embeddable":true,"href":"https:\/\/gobernacionaltaverapaz.gob.gt\/index.php?rest_route=%2Fwp%2Fv2%2Ftags&post=6604"}],"curies":[{"name":"wp","href":"https:\/\/api.w.org\/{rel}","templated":true}]}}