{"id":6606,"date":"2019-07-26T09:23:09","date_gmt":"2019-07-26T15:23:09","guid":{"rendered":"http:\/\/gobernacionaltaverapaz.gob.gt\/?p=6606"},"modified":"2019-08-13T10:34:13","modified_gmt":"2019-08-13T16:34:13","slug":"caminata-proyeccin-al-marco-de-la-paternidad-maternidad-responsable","status":"publish","type":"post","link":"https:\/\/gobernacionaltaverapaz.gob.gt\/?p=6606","title":{"rendered":"Caminata y Proyecci\u00f3n al Marco de la Paternidad y Maternidad Responsable"},"content":{"rendered":"<p style=\"text-align: justify;\">Bajo el lema &#8220;con padres y madres responsables el futuro de Alta Verapaz \u00a1est\u00e1 seguro!&#8221;, el Ministerio de Salud P\u00fablica y Asistencia Social -MSPAS- del Departamento de Alta Verapaz a trav\u00e9s del Programa Nacional Salud Reproductiva conmemora en agosto 2019 el Mes de la Salud Reproductiva, tal como lo establece el Acuerdo Ministerial SP-M-1799-2007.<\/p>\n<p style=\"text-align: justify;\">Para el mismo se realiz\u00f3 caminata recorriendo las principales calles del municipio, con la participaci\u00f3n de establecimientos educativos y Ministerio de Salud, en la apertura de dicha campa\u00f1a se realiz\u00f3 discursos en conmemoraci\u00f3n a este tema, presentaci\u00f3n de estad\u00edsticas salud sexual y reproductiva y consecuencias del embarazo en la adolescencia.<\/p>\n<p style=\"text-align: justify;\">Gob. M.A. Erik Nolberto Guerrero Milian, manifest\u00f3; &#8220;Es importante que en este mes de la salud reproductiva, en marco de la paternidad y maternidad responsable, nos motivemos a visualizar un estilo de vida con prop\u00f3sitos esto con mayor importancia a los j\u00f3venes, nuestras estad\u00edsticas en Embarazos en Adolescencia son muy altas los cuales nos compromete a trabajar arduamente en la Educaci\u00f3n a los temas de sexualidad en los diferentes establecimientos educativos y as\u00ed minimizar nuestros \u00edndices en embarazos en menores de edad&#8221;.<\/p>\n<div><\/div>\n<p>&nbsp;<\/p>\n<p><a href=\"https:\/\/www.facebook.com\/GobernacionAV\/photos\/pcb.856213494761248\/856203314762266\/?type=3&amp;theater\" target=\"_blank\" rel=\"noopener\"><img decoding=\"async\" loading=\"lazy\" class=\"alignnone wp-image-3872\" title=\"Ver galer\u00eda en Facebook\" src=\"http:\/\/gobernacionaltaverapaz.gob.gt\/wp-content\/uploads\/2019\/05\/boton-galeria_fotos-150x150-300x99.jpg\" alt=\"\" width=\"200\" height=\"66\" \/><\/a><\/p>\n","protected":false},"excerpt":{"rendered":"<p>Se realiz\u00f3 caminata recorriendo las principales calles del municipio, con la participaci\u00f3n de establecimientos educativos y Ministerio de Salud, en la apertura de dicha campa\u00f1a se realiz\u00f3 discursos en conmemoraci\u00f3n a este tema, presentaci\u00f3n de estad\u00edsticas salud sexual y reproductiva y consecuencias del embarazo en la adolescencia.<\/p>\n","protected":false},"author":1,"featured_media":6594,"comment_status":"closed","ping_status":"open","sticky":false,"template":"","format":"gallery","meta":[],"categories":[183,199,5],"tags":[178],"_links":{"self":[{"href":"https:\/\/gobernacionaltaverapaz.gob.gt\/index.php?rest_route=\/wp\/v2\/posts\/6606"}],"collection":[{"href":"https:\/\/gobernacionaltaverapaz.gob.gt\/index.php?rest_route=\/wp\/v2\/posts"}],"about":[{"href":"https:\/\/gobernacionaltaverapaz.gob.gt\/index.php?rest_route=\/wp\/v2\/types\/post"}],"author":[{"embeddable":true,"href":"https:\/\/gobernacionaltaverapaz.gob.gt\/index.php?rest_route=\/wp\/v2\/users\/1"}],"replies":[{"embeddable":true,"href":"https:\/\/gobernacionaltaverapaz.gob.gt\/index.php?rest_route=%2Fwp%2Fv2%2Fcomments&post=6606"}],"version-history":[{"count":3,"href":"https:\/\/gobernacionaltaverapaz.gob.gt\/index.php?rest_route=\/wp\/v2\/posts\/6606\/revisions"}],"predecessor-version":[{"id":6820,"href":"https:\/\/gobernacionaltaverapaz.gob.gt\/index.php?rest_route=\/wp\/v2\/posts\/6606\/revisions\/6820"}],"wp:featuredmedia":[{"embeddable":true,"href":"https:\/\/gobernacionaltaverapaz.gob.gt\/index.php?rest_route=\/wp\/v2\/media\/6594"}],"wp:attachment":[{"href":"https:\/\/gobernacionaltaverapaz.gob.gt\/index.php?rest_route=%2Fwp%2Fv2%2Fmedia&parent=6606"}],"wp:term":[{"taxonomy":"category","embeddable":true,"href":"https:\/\/gobernacionaltaverapaz.gob.gt\/index.php?rest_route=%2Fwp%2Fv2%2Fcategories&post=6606"},{"taxonomy":"post_tag","embeddable":true,"href":"https:\/\/gobernacionaltaverapaz.gob.gt\/index.php?rest_route=%2Fwp%2Fv2%2Ftags&post=6606"}],"curies":[{"name":"wp","href":"https:\/\/api.w.org\/{rel}","templated":true}]}}