{"id":6640,"date":"2019-07-29T13:27:31","date_gmt":"2019-07-29T19:27:31","guid":{"rendered":"http:\/\/gobernacionaltaverapaz.gob.gt\/?p=6640"},"modified":"2019-08-13T10:06:19","modified_gmt":"2019-08-13T16:06:19","slug":"finalizacin-de-diplomado-el-debate-oral-pblico-tericoprctico","status":"publish","type":"post","link":"https:\/\/gobernacionaltaverapaz.gob.gt\/?p=6640","title":{"rendered":"Finalizaci\u00f3n de Diplomado &#8220;El Debate Oral y P\u00fablico Te\u00f3rico-Pr\u00e1ctico&#8221;"},"content":{"rendered":"<p style=\"text-align: justify;\">En las instalaciones del Palacio de Gobernaci\u00f3n Departamental de Alta Verapaz, se realiz\u00f3 el Diplomado &#8220;El Debate Oral y P\u00fablico Te\u00f3rico-Pr\u00e1ctico&#8221;, donde participaron alrededor de 130 profesionales de Derecho, abogados en su mayor\u00eda.<\/p>\n<p style=\"text-align: justify;\">El mismo con una duraci\u00f3n de 9 sesiones, con los contenidos; Principios y Garant\u00edas Constitucionales en el Debate Oral y P\u00fablico, los Sujetos Procesales que intervienen en el Debate Oral y P\u00fablico, el Dictamen Pericial Psicol\u00f3gico, el Consultor T\u00e9cnico, el Rol de la V\u00edctima en el Debate Oral y P\u00fablico, las T\u00e9cnicas para Interrogar y Contrainterrogar a Testigos, t\u00e9cnicas y Estrategias de la Oratoria Forense, la Prueba Nueva en el Debate Oral y P\u00fablico, las imputaciones en el Debate Oral y P\u00fablico, Grafolog\u00eda y las impugnaciones en el Debate Oral y P\u00fablico.<\/p>\n<p style=\"text-align: justify;\">En la terminaci\u00f3n de dicho diplomado, la coordinaci\u00f3n reconoci\u00f3 el apoyo brindado por el Gob. M.A. Erik Nolberto Guerrero Milian, por lo que se le entreg\u00f3 un reconocimiento.<\/p>\n<p style=\"text-align: justify;\">Con la coordinaci\u00f3n del; Decano Gustavo Bonilla y la Junta Directiva de la Facultad de Ciencias Jur\u00eddicas y Sociales de la Universidad de San Carlos de Guatemala y la Coordinaci\u00f3n de Profesionales de Alta Verapaz.<\/p>\n<p>&nbsp;<\/p>\n<div><\/div>\n","protected":false},"excerpt":{"rendered":"<p>D\u00f3nde participaron alrededor de 130 profesionales de Derecho, abogados en su mayor\u00eda.<\/p>\n","protected":false},"author":1,"featured_media":6618,"comment_status":"closed","ping_status":"open","sticky":false,"template":"","format":"gallery","meta":[],"categories":[183,199,194],"tags":[178],"_links":{"self":[{"href":"https:\/\/gobernacionaltaverapaz.gob.gt\/index.php?rest_route=\/wp\/v2\/posts\/6640"}],"collection":[{"href":"https:\/\/gobernacionaltaverapaz.gob.gt\/index.php?rest_route=\/wp\/v2\/posts"}],"about":[{"href":"https:\/\/gobernacionaltaverapaz.gob.gt\/index.php?rest_route=\/wp\/v2\/types\/post"}],"author":[{"embeddable":true,"href":"https:\/\/gobernacionaltaverapaz.gob.gt\/index.php?rest_route=\/wp\/v2\/users\/1"}],"replies":[{"embeddable":true,"href":"https:\/\/gobernacionaltaverapaz.gob.gt\/index.php?rest_route=%2Fwp%2Fv2%2Fcomments&post=6640"}],"version-history":[{"count":2,"href":"https:\/\/gobernacionaltaverapaz.gob.gt\/index.php?rest_route=\/wp\/v2\/posts\/6640\/revisions"}],"predecessor-version":[{"id":6816,"href":"https:\/\/gobernacionaltaverapaz.gob.gt\/index.php?rest_route=\/wp\/v2\/posts\/6640\/revisions\/6816"}],"wp:featuredmedia":[{"embeddable":true,"href":"https:\/\/gobernacionaltaverapaz.gob.gt\/index.php?rest_route=\/wp\/v2\/media\/6618"}],"wp:attachment":[{"href":"https:\/\/gobernacionaltaverapaz.gob.gt\/index.php?rest_route=%2Fwp%2Fv2%2Fmedia&parent=6640"}],"wp:term":[{"taxonomy":"category","embeddable":true,"href":"https:\/\/gobernacionaltaverapaz.gob.gt\/index.php?rest_route=%2Fwp%2Fv2%2Fcategories&post=6640"},{"taxonomy":"post_tag","embeddable":true,"href":"https:\/\/gobernacionaltaverapaz.gob.gt\/index.php?rest_route=%2Fwp%2Fv2%2Ftags&post=6640"}],"curies":[{"name":"wp","href":"https:\/\/api.w.org\/{rel}","templated":true}]}}