{"id":6642,"date":"2019-07-29T17:15:23","date_gmt":"2019-07-29T23:15:23","guid":{"rendered":"http:\/\/gobernacionaltaverapaz.gob.gt\/?p=6642"},"modified":"2019-08-13T10:02:49","modified_gmt":"2019-08-13T16:02:49","slug":"reunin-de-trabajo-del-codedeav-correspondiente-al-mes-de-julio-de-2019","status":"publish","type":"post","link":"https:\/\/gobernacionaltaverapaz.gob.gt\/?p=6642","title":{"rendered":"Reuni\u00f3n de trabajo del CODEDEAV, correspondiente al mes de Julio 2019"},"content":{"rendered":"<p style=\"text-align: justify;\">En la cabecera Departamental, se realiz\u00f3 Reuni\u00f3n Ordinaria de Trabajo del Consejo Departamental de Desarrollo de Alta Verapaz, en donde se tuvo la participaci\u00f3n del sector No Gubernamental, informe de avances f\u00edsicos y financieros, situaci\u00f3n de proyectos 2019 en el sistema Nacional de Inversi\u00f3n P\u00fablica, avances en la formulaci\u00f3n de PDM-OT del Departamento de Alta Verapaz y participaci\u00f3n de la Comisi\u00f3n Departamental de Medio Ambiente y Recursos Naturales.<\/p>\n<p style=\"text-align: justify;\">Acuerdos; Conocer el manual de funcionamiento del normativo del CONADUR en la UTD, env\u00edo de oficio firmado por el Se\u00f1or Gobernador a los Alcaldes Municipales instando a la implementaci\u00f3n de viveros forestales y la construcci\u00f3n de planta de tratamientos y aguas residuales en cumplimiento al Acuerdo Gubernativo 236-2006 y elevar al Congreso de la Rep\u00fablica el comunicado del Observatorio Ciudadano para la Paz respaldado por la Comisi\u00f3n Departamental de Medio Ambiente y Recursos Naturales por el tema del Parque Nacional Laguna Lachu\u00e1.<\/p>\n<p>&nbsp;<\/p>\n<div><\/div>\n","protected":false},"excerpt":{"rendered":"<p>En donde se tuvo la participaci\u00f3n del sector No Gubernamental y se conoci\u00f3 el informe de avances f\u00edsicos y financieros, situaci\u00f3n de proyectos 2019 en el sistema Nacional de Inversi\u00f3n P\u00fablica, avances en la formulaci\u00f3n de PDM-OT del Departamento de Alta Verapaz y participaci\u00f3n de la Comisi\u00f3n Departamental de Medio Ambiente y Recursos Naturales.<\/p>\n","protected":false},"author":1,"featured_media":6628,"comment_status":"closed","ping_status":"open","sticky":false,"template":"","format":"gallery","meta":[],"categories":[191,199,194],"tags":[178],"_links":{"self":[{"href":"https:\/\/gobernacionaltaverapaz.gob.gt\/index.php?rest_route=\/wp\/v2\/posts\/6642"}],"collection":[{"href":"https:\/\/gobernacionaltaverapaz.gob.gt\/index.php?rest_route=\/wp\/v2\/posts"}],"about":[{"href":"https:\/\/gobernacionaltaverapaz.gob.gt\/index.php?rest_route=\/wp\/v2\/types\/post"}],"author":[{"embeddable":true,"href":"https:\/\/gobernacionaltaverapaz.gob.gt\/index.php?rest_route=\/wp\/v2\/users\/1"}],"replies":[{"embeddable":true,"href":"https:\/\/gobernacionaltaverapaz.gob.gt\/index.php?rest_route=%2Fwp%2Fv2%2Fcomments&post=6642"}],"version-history":[{"count":3,"href":"https:\/\/gobernacionaltaverapaz.gob.gt\/index.php?rest_route=\/wp\/v2\/posts\/6642\/revisions"}],"predecessor-version":[{"id":6815,"href":"https:\/\/gobernacionaltaverapaz.gob.gt\/index.php?rest_route=\/wp\/v2\/posts\/6642\/revisions\/6815"}],"wp:featuredmedia":[{"embeddable":true,"href":"https:\/\/gobernacionaltaverapaz.gob.gt\/index.php?rest_route=\/wp\/v2\/media\/6628"}],"wp:attachment":[{"href":"https:\/\/gobernacionaltaverapaz.gob.gt\/index.php?rest_route=%2Fwp%2Fv2%2Fmedia&parent=6642"}],"wp:term":[{"taxonomy":"category","embeddable":true,"href":"https:\/\/gobernacionaltaverapaz.gob.gt\/index.php?rest_route=%2Fwp%2Fv2%2Fcategories&post=6642"},{"taxonomy":"post_tag","embeddable":true,"href":"https:\/\/gobernacionaltaverapaz.gob.gt\/index.php?rest_route=%2Fwp%2Fv2%2Ftags&post=6642"}],"curies":[{"name":"wp","href":"https:\/\/api.w.org\/{rel}","templated":true}]}}