{"id":6646,"date":"2019-07-30T09:02:40","date_gmt":"2019-07-30T15:02:40","guid":{"rendered":"http:\/\/gobernacionaltaverapaz.gob.gt\/?p=6646"},"modified":"2019-08-13T09:55:31","modified_gmt":"2019-08-13T15:55:31","slug":"saludo-al-pueblo-altaverapacense-por-el-primer-ao-de-labor","status":"publish","type":"post","link":"https:\/\/gobernacionaltaverapaz.gob.gt\/?p=6646","title":{"rendered":"Saludos al pueblo Altaverapacense por el primer a\u00f1o de labores"},"content":{"rendered":"<p style=\"text-align: justify;\">Pueblo Altaverapacense, Jefes Institucionales, Alcaldes Municipales, Cooperaci\u00f3n Internacional y Miembros de Sociedad Civil.<\/p>\n<p style=\"text-align: justify;\">Quiero manifestar mi agradecimiento por el primer a\u00f1o de labor, donde hemos trabajado conjuntamente con las instituciones del Estado, Municipalidades, Cooperaci\u00f3n, Sociedad Civil, entre otros; logrando hacer cambios trascendentales que el cargo ameritan en representaci\u00f3n del Se\u00f1or Presidente Lic. Jimmy Morales, en nuestro Departamento de Alta Verapaz.<\/p>\n<p style=\"text-align: justify;\">Hemos priorizado nuestro trabajo con enfoque en la gobernabilidad, resaltando las principales funciones y cargos que represento, entre ellos; Representar en el departamento, por delegaci\u00f3n expresa del Presidente de la Rep\u00fablica, Presidir el Consejo Departamental de Desarrollo Urbano y Rural, Velar por la efectiva ejecuci\u00f3n del presupuesto de inversi\u00f3n asignado al departamento y realizar el seguimiento y evaluaci\u00f3n de dicha ejecuci\u00f3n, as\u00ed como participar, apoyar, y fortalecer las distintas comisiones departamentales.<\/p>\n<p style=\"text-align: justify;\">Quiero agradecer especialmente a las entidades con las que hemos tenido la oportunidad de coordinar acciones en funci\u00f3n del desarrollo del Departamento en la visi\u00f3n del acercamiento al bien com\u00fan.<\/p>\n<p style=\"text-align: center;\">Magister Artium, Erik Nolberto Guerrero Mili\u00e1n<br \/>\nGobernador Departamental de Alta Verapaz.<\/p>\n<p>&nbsp;<\/p>\n","protected":false},"excerpt":{"rendered":"<p>Hemos priorizado nuestro trabajo con enfoque en la gobernabilidad, resaltando las principales funciones y cargos que represento.<\/p>\n","protected":false},"author":1,"featured_media":6647,"comment_status":"closed","ping_status":"open","sticky":false,"template":"","format":"standard","meta":[],"categories":[199,1],"tags":[178],"_links":{"self":[{"href":"https:\/\/gobernacionaltaverapaz.gob.gt\/index.php?rest_route=\/wp\/v2\/posts\/6646"}],"collection":[{"href":"https:\/\/gobernacionaltaverapaz.gob.gt\/index.php?rest_route=\/wp\/v2\/posts"}],"about":[{"href":"https:\/\/gobernacionaltaverapaz.gob.gt\/index.php?rest_route=\/wp\/v2\/types\/post"}],"author":[{"embeddable":true,"href":"https:\/\/gobernacionaltaverapaz.gob.gt\/index.php?rest_route=\/wp\/v2\/users\/1"}],"replies":[{"embeddable":true,"href":"https:\/\/gobernacionaltaverapaz.gob.gt\/index.php?rest_route=%2Fwp%2Fv2%2Fcomments&post=6646"}],"version-history":[{"count":4,"href":"https:\/\/gobernacionaltaverapaz.gob.gt\/index.php?rest_route=\/wp\/v2\/posts\/6646\/revisions"}],"predecessor-version":[{"id":6814,"href":"https:\/\/gobernacionaltaverapaz.gob.gt\/index.php?rest_route=\/wp\/v2\/posts\/6646\/revisions\/6814"}],"wp:featuredmedia":[{"embeddable":true,"href":"https:\/\/gobernacionaltaverapaz.gob.gt\/index.php?rest_route=\/wp\/v2\/media\/6647"}],"wp:attachment":[{"href":"https:\/\/gobernacionaltaverapaz.gob.gt\/index.php?rest_route=%2Fwp%2Fv2%2Fmedia&parent=6646"}],"wp:term":[{"taxonomy":"category","embeddable":true,"href":"https:\/\/gobernacionaltaverapaz.gob.gt\/index.php?rest_route=%2Fwp%2Fv2%2Fcategories&post=6646"},{"taxonomy":"post_tag","embeddable":true,"href":"https:\/\/gobernacionaltaverapaz.gob.gt\/index.php?rest_route=%2Fwp%2Fv2%2Ftags&post=6646"}],"curies":[{"name":"wp","href":"https:\/\/api.w.org\/{rel}","templated":true}]}}