{"id":6655,"date":"2019-07-30T18:28:33","date_gmt":"2019-07-31T00:28:33","guid":{"rendered":"http:\/\/gobernacionaltaverapaz.gob.gt\/?p=6655"},"modified":"2019-08-13T09:50:54","modified_gmt":"2019-08-13T15:50:54","slug":"visita-asociacin-centro-don-bosco-del-municipio-de-san-pedro-carch","status":"publish","type":"post","link":"https:\/\/gobernacionaltaverapaz.gob.gt\/?p=6655","title":{"rendered":"Visita a asociaci\u00f3n Centro Don Bosco del municipio de San Pedro Carch\u00e1"},"content":{"rendered":"<p style=\"text-align: justify;\">Gob. M.A. Erik Nolberto Guerrero Mili\u00e1n, realizo visita a Centro Don Bosco, donde los docentes expusieron la forma de brindar los servicios acad\u00e9micos de forma gratuita y visualizar las diferentes \u00e1reas del centro.<\/p>\n<p style=\"text-align: justify;\">Centro Don Bosco, su actividad principal es proporcionar servicios educativos gratuitos, tanto en educaci\u00f3n formal (B\u00e1sico y Bachillerato en Ciencias y Letras), como en Capacitaci\u00f3n para el Trabajo (Talleres de Formaci\u00f3n Ocupacional), dicha entrega educativa, se brinda en tres Centros Educativos, que funcionan bajo la modalidad de internado a tiempo completo, denominados: &#8220;Centro Don Bosco&#8221;.<\/p>\n<div><\/div>\n<p>&nbsp;<\/p>\n<p><a href=\"https:\/\/www.facebook.com\/GobernacionAV\/photos\/pcb.858734071175857\/858651524517445\/?type=3&amp;theater\" target=\"_blank\" rel=\"noopener\"><img decoding=\"async\" loading=\"lazy\" class=\"alignnone wp-image-3872\" title=\"Ver galer\u00eda en Facebook\" src=\"http:\/\/gobernacionaltaverapaz.gob.gt\/wp-content\/uploads\/2019\/05\/boton-galeria_fotos-150x150-300x99.jpg\" alt=\"\" width=\"200\" height=\"66\" \/><\/a><\/p>\n","protected":false},"excerpt":{"rendered":"<p>Centro Don Bosco, su actividad principal es proporcionar servicios educativos gratuitos, tanto en educaci\u00f3n formal (B\u00e1sico y Bachillerato en Ciencias y Letras), como en Capacitaci\u00f3n para el Trabajo (Talleres de Formaci\u00f3n Ocupacional).<\/p>\n","protected":false},"author":1,"featured_media":6650,"comment_status":"closed","ping_status":"open","sticky":false,"template":"","format":"gallery","meta":[],"categories":[183,2,199],"tags":[178],"_links":{"self":[{"href":"https:\/\/gobernacionaltaverapaz.gob.gt\/index.php?rest_route=\/wp\/v2\/posts\/6655"}],"collection":[{"href":"https:\/\/gobernacionaltaverapaz.gob.gt\/index.php?rest_route=\/wp\/v2\/posts"}],"about":[{"href":"https:\/\/gobernacionaltaverapaz.gob.gt\/index.php?rest_route=\/wp\/v2\/types\/post"}],"author":[{"embeddable":true,"href":"https:\/\/gobernacionaltaverapaz.gob.gt\/index.php?rest_route=\/wp\/v2\/users\/1"}],"replies":[{"embeddable":true,"href":"https:\/\/gobernacionaltaverapaz.gob.gt\/index.php?rest_route=%2Fwp%2Fv2%2Fcomments&post=6655"}],"version-history":[{"count":3,"href":"https:\/\/gobernacionaltaverapaz.gob.gt\/index.php?rest_route=\/wp\/v2\/posts\/6655\/revisions"}],"predecessor-version":[{"id":6813,"href":"https:\/\/gobernacionaltaverapaz.gob.gt\/index.php?rest_route=\/wp\/v2\/posts\/6655\/revisions\/6813"}],"wp:featuredmedia":[{"embeddable":true,"href":"https:\/\/gobernacionaltaverapaz.gob.gt\/index.php?rest_route=\/wp\/v2\/media\/6650"}],"wp:attachment":[{"href":"https:\/\/gobernacionaltaverapaz.gob.gt\/index.php?rest_route=%2Fwp%2Fv2%2Fmedia&parent=6655"}],"wp:term":[{"taxonomy":"category","embeddable":true,"href":"https:\/\/gobernacionaltaverapaz.gob.gt\/index.php?rest_route=%2Fwp%2Fv2%2Fcategories&post=6655"},{"taxonomy":"post_tag","embeddable":true,"href":"https:\/\/gobernacionaltaverapaz.gob.gt\/index.php?rest_route=%2Fwp%2Fv2%2Ftags&post=6655"}],"curies":[{"name":"wp","href":"https:\/\/api.w.org\/{rel}","templated":true}]}}