{"id":6659,"date":"2019-08-02T14:15:19","date_gmt":"2019-08-02T20:15:19","guid":{"rendered":"http:\/\/gobernacionaltaverapaz.gob.gt\/?p=6659"},"modified":"2019-08-13T09:35:00","modified_gmt":"2019-08-13T15:35:00","slug":"da-mundial-contra-la-trata-de-personas","status":"publish","type":"post","link":"https:\/\/gobernacionaltaverapaz.gob.gt\/?p=6659","title":{"rendered":"D\u00eda Mundial Contra la Trata de Personas"},"content":{"rendered":"<p style=\"text-align: justify;\">Red VET del Departamento de Alta Verapaz, realizaron actos protocolarios y diversas actividades en el D\u00eda Mundial Contra la Trata de Personas, con ello impulsar la campa\u00f1a &#8220;Coraz\u00f3n Azul&#8221;.<\/p>\n<p style=\"text-align: justify;\">Las redes VET son coordinadas por los gobernadores, Gob. M.A. Erik Nolberto Guerrero Milian, participo en cada actividad realizada, con esto ayudar seguir organizando para lograr accionar de manera directa en el departamento.<\/p>\n<p style=\"text-align: justify;\">La trata de personas es un delito que explota a mujeres, ni\u00f1os y hombres con numerosos prop\u00f3sitos, incluidos el trabajo forzoso y la explotaci\u00f3n sexual.<\/p>\n<div><\/div>\n<p>&nbsp;<\/p>\n<p><img decoding=\"async\" loading=\"lazy\" class=\"alignnone wp-image-3872 \" src=\"http:\/\/gobernacionaltaverapaz.gob.gt\/wp-content\/uploads\/2019\/05\/boton-galeria_fotos-150x150-300x99.jpg\" alt=\"\" width=\"200\" height=\"66\" \/><\/p>\n","protected":false},"excerpt":{"rendered":"<p>La trata de personas es un delito que explota a mujeres, ni\u00f1os y hombres con numerosos prop\u00f3sitos, incluidos el trabajo forzoso y la explotaci\u00f3n sexual.<\/p>\n","protected":false},"author":1,"featured_media":6660,"comment_status":"closed","ping_status":"open","sticky":false,"template":"","format":"gallery","meta":[],"categories":[183],"tags":[178],"_links":{"self":[{"href":"https:\/\/gobernacionaltaverapaz.gob.gt\/index.php?rest_route=\/wp\/v2\/posts\/6659"}],"collection":[{"href":"https:\/\/gobernacionaltaverapaz.gob.gt\/index.php?rest_route=\/wp\/v2\/posts"}],"about":[{"href":"https:\/\/gobernacionaltaverapaz.gob.gt\/index.php?rest_route=\/wp\/v2\/types\/post"}],"author":[{"embeddable":true,"href":"https:\/\/gobernacionaltaverapaz.gob.gt\/index.php?rest_route=\/wp\/v2\/users\/1"}],"replies":[{"embeddable":true,"href":"https:\/\/gobernacionaltaverapaz.gob.gt\/index.php?rest_route=%2Fwp%2Fv2%2Fcomments&post=6659"}],"version-history":[{"count":6,"href":"https:\/\/gobernacionaltaverapaz.gob.gt\/index.php?rest_route=\/wp\/v2\/posts\/6659\/revisions"}],"predecessor-version":[{"id":6810,"href":"https:\/\/gobernacionaltaverapaz.gob.gt\/index.php?rest_route=\/wp\/v2\/posts\/6659\/revisions\/6810"}],"wp:featuredmedia":[{"embeddable":true,"href":"https:\/\/gobernacionaltaverapaz.gob.gt\/index.php?rest_route=\/wp\/v2\/media\/6660"}],"wp:attachment":[{"href":"https:\/\/gobernacionaltaverapaz.gob.gt\/index.php?rest_route=%2Fwp%2Fv2%2Fmedia&parent=6659"}],"wp:term":[{"taxonomy":"category","embeddable":true,"href":"https:\/\/gobernacionaltaverapaz.gob.gt\/index.php?rest_route=%2Fwp%2Fv2%2Fcategories&post=6659"},{"taxonomy":"post_tag","embeddable":true,"href":"https:\/\/gobernacionaltaverapaz.gob.gt\/index.php?rest_route=%2Fwp%2Fv2%2Ftags&post=6659"}],"curies":[{"name":"wp","href":"https:\/\/api.w.org\/{rel}","templated":true}]}}