{"id":6701,"date":"2019-08-06T09:45:46","date_gmt":"2019-08-06T15:45:46","guid":{"rendered":"http:\/\/gobernacionaltaverapaz.gob.gt\/?p=6701"},"modified":"2019-08-13T08:56:22","modified_gmt":"2019-08-13T14:56:22","slug":"feria-departamental-de-cobn-av-2019","status":"publish","type":"post","link":"https:\/\/gobernacionaltaverapaz.gob.gt\/?p=6701","title":{"rendered":"Feria Departamental de Cob\u00e1n, A.V. 2019"},"content":{"rendered":"<p style=\"text-align: justify;\">Gob. M.A. Erik Nolberto Guerrero Mili\u00e1n, participo en las actividades de Feria Departamental Cob\u00e1n, Alta Verapaz 2019, para ello se realizaron cuatro desfiles de centros educativos del municipio; Establecimientos Nivel Medio Sector Oficial, Establecimientos Pre-primaria Sector Oficial, Desfile Inaugural Establecimientos Nivel Primario Sector Oficial y Establecimientos Sector Privado.<\/p>\n<p style=\"text-align: justify;\">Dentro de las actividades se rea<span class=\"textexposedshow\">lizan adem\u00e1s; eventos religiosos en honor a Santo Domingo de Guzm\u00e1n como ceremonias, misas y procesiones, eventos culturales y sociales. Este municipio se fund\u00f3 en 1,538 y se encuentra ubicado en Alta Verapaz, en la regi\u00f3n norte de la Rep\u00fablica de Guatemala.<\/span><\/p>\n<div><\/div>\n<p>&nbsp;<\/p>\n<p><a href=\"https:\/\/www.facebook.com\/GobernacionAV\/photos\/pcb.862422784140319\/862418177474113\/?type=3&amp;theater\" target=\"_blank\" rel=\"noopener\"><img decoding=\"async\" loading=\"lazy\" class=\"alignnone wp-image-3872\" title=\"Ver galer\u00eda en Facebook\" src=\"http:\/\/gobernacionaltaverapaz.gob.gt\/wp-content\/uploads\/2019\/05\/boton-galeria_fotos-150x150-300x99.jpg\" alt=\"\" width=\"200\" height=\"66\" \/><\/a><\/p>\n","protected":false},"excerpt":{"rendered":"<p>Dentro de las actividades se realizan adem\u00e1s; eventos religiosos en honor a Santo Domingo de Guzm\u00e1n como ceremonias, misas y procesiones, eventos culturales y sociales.<\/p>\n","protected":false},"author":1,"featured_media":6713,"comment_status":"closed","ping_status":"open","sticky":false,"template":"","format":"gallery","meta":[],"categories":[183],"tags":[178],"_links":{"self":[{"href":"https:\/\/gobernacionaltaverapaz.gob.gt\/index.php?rest_route=\/wp\/v2\/posts\/6701"}],"collection":[{"href":"https:\/\/gobernacionaltaverapaz.gob.gt\/index.php?rest_route=\/wp\/v2\/posts"}],"about":[{"href":"https:\/\/gobernacionaltaverapaz.gob.gt\/index.php?rest_route=\/wp\/v2\/types\/post"}],"author":[{"embeddable":true,"href":"https:\/\/gobernacionaltaverapaz.gob.gt\/index.php?rest_route=\/wp\/v2\/users\/1"}],"replies":[{"embeddable":true,"href":"https:\/\/gobernacionaltaverapaz.gob.gt\/index.php?rest_route=%2Fwp%2Fv2%2Fcomments&post=6701"}],"version-history":[{"count":6,"href":"https:\/\/gobernacionaltaverapaz.gob.gt\/index.php?rest_route=\/wp\/v2\/posts\/6701\/revisions"}],"predecessor-version":[{"id":6807,"href":"https:\/\/gobernacionaltaverapaz.gob.gt\/index.php?rest_route=\/wp\/v2\/posts\/6701\/revisions\/6807"}],"wp:featuredmedia":[{"embeddable":true,"href":"https:\/\/gobernacionaltaverapaz.gob.gt\/index.php?rest_route=\/wp\/v2\/media\/6713"}],"wp:attachment":[{"href":"https:\/\/gobernacionaltaverapaz.gob.gt\/index.php?rest_route=%2Fwp%2Fv2%2Fmedia&parent=6701"}],"wp:term":[{"taxonomy":"category","embeddable":true,"href":"https:\/\/gobernacionaltaverapaz.gob.gt\/index.php?rest_route=%2Fwp%2Fv2%2Fcategories&post=6701"},{"taxonomy":"post_tag","embeddable":true,"href":"https:\/\/gobernacionaltaverapaz.gob.gt\/index.php?rest_route=%2Fwp%2Fv2%2Ftags&post=6701"}],"curies":[{"name":"wp","href":"https:\/\/api.w.org\/{rel}","templated":true}]}}