{"id":6758,"date":"2019-08-07T13:27:28","date_gmt":"2019-08-07T19:27:28","guid":{"rendered":"http:\/\/gobernacionaltaverapaz.gob.gt\/?p=6758"},"modified":"2019-08-13T08:49:11","modified_gmt":"2019-08-13T14:49:11","slug":"exposicin-de-fotografas-116-rostros-de-una-cultura","status":"publish","type":"post","link":"https:\/\/gobernacionaltaverapaz.gob.gt\/?p=6758","title":{"rendered":"Exposici\u00f3n de fotograf\u00edas &#8220;116 Rostros de una Cultura&#8221;"},"content":{"rendered":"<p style=\"text-align: justify;\">Dentro de la programaci\u00f3n de Feria Departamental de Cob\u00e1n, se realiz\u00f3 la exposici\u00f3n de Fotograf\u00edas, ciento diecis\u00e9is: Rostros de una Cultura, en las instalaciones de la Municipalidad de este municipio.<\/p>\n<p style=\"text-align: justify;\">Las fotograf\u00edas expuestas son del equipo Ci\u00f3Lab con la direcci\u00f3n del joven Terencio Tiul Fern\u00e1ndez, el concepto de &#8220;116 Rostros de una cultura&#8221;, se debe a esa misma cantidad de se\u00f1oritas participando en el pasado Festival Folcl\u00f3rico Nacional Rab\u00edn Ajaw, que se realiza en esta ciudad imperial.<\/p>\n<p style=\"text-align: justify;\">Gob. M.A. Erik Nolberto Guerrero Mili\u00e1n, expreso; &#8220;Durante muchos a\u00f1os he tenido la oportunidad de dar seguimiento al evento Rab\u00edn Ajaw, ahora con esta exposici\u00f3n que nos presentan, tenemos el agrado de visualizar de cerca las diferentes indumentarias y rostros de las distintas participantes; agradecido por la comisi\u00f3n organizadora por hacerme participe a esta inauguraci\u00f3n y exposici\u00f3n de dos d\u00edas&#8221;.<\/p>\n<div><\/div>\n<p>&nbsp;<\/p>\n<p><a href=\"https:\/\/www.facebook.com\/GobernacionAV\/photos\/pcb.863518787364052\/863472724035325\/?type=3&amp;theater\" target=\"_blank\" rel=\"noopener\"><img decoding=\"async\" loading=\"lazy\" class=\"alignnone wp-image-3872\" title=\"Ver galer\u00eda en Facebook\" src=\"http:\/\/gobernacionaltaverapaz.gob.gt\/wp-content\/uploads\/2019\/05\/boton-galeria_fotos-150x150-300x99.jpg\" alt=\"\" width=\"170\" height=\"56\" \/><\/a><\/p>\n","protected":false},"excerpt":{"rendered":"<p>Dentro de la programaci\u00f3n de Feria Departamental de Cob\u00e1n, se realiz\u00f3 la exposici\u00f3n de Fotograf\u00edas, ciento diecis\u00e9is: Rostros de una Cultura, en las instalaciones de la Municipalidad de este municipio.<\/p>\n","protected":false},"author":1,"featured_media":6770,"comment_status":"closed","ping_status":"open","sticky":false,"template":"","format":"gallery","meta":[],"categories":[2],"tags":[178],"_links":{"self":[{"href":"https:\/\/gobernacionaltaverapaz.gob.gt\/index.php?rest_route=\/wp\/v2\/posts\/6758"}],"collection":[{"href":"https:\/\/gobernacionaltaverapaz.gob.gt\/index.php?rest_route=\/wp\/v2\/posts"}],"about":[{"href":"https:\/\/gobernacionaltaverapaz.gob.gt\/index.php?rest_route=\/wp\/v2\/types\/post"}],"author":[{"embeddable":true,"href":"https:\/\/gobernacionaltaverapaz.gob.gt\/index.php?rest_route=\/wp\/v2\/users\/1"}],"replies":[{"embeddable":true,"href":"https:\/\/gobernacionaltaverapaz.gob.gt\/index.php?rest_route=%2Fwp%2Fv2%2Fcomments&post=6758"}],"version-history":[{"count":4,"href":"https:\/\/gobernacionaltaverapaz.gob.gt\/index.php?rest_route=\/wp\/v2\/posts\/6758\/revisions"}],"predecessor-version":[{"id":6805,"href":"https:\/\/gobernacionaltaverapaz.gob.gt\/index.php?rest_route=\/wp\/v2\/posts\/6758\/revisions\/6805"}],"wp:featuredmedia":[{"embeddable":true,"href":"https:\/\/gobernacionaltaverapaz.gob.gt\/index.php?rest_route=\/wp\/v2\/media\/6770"}],"wp:attachment":[{"href":"https:\/\/gobernacionaltaverapaz.gob.gt\/index.php?rest_route=%2Fwp%2Fv2%2Fmedia&parent=6758"}],"wp:term":[{"taxonomy":"category","embeddable":true,"href":"https:\/\/gobernacionaltaverapaz.gob.gt\/index.php?rest_route=%2Fwp%2Fv2%2Fcategories&post=6758"},{"taxonomy":"post_tag","embeddable":true,"href":"https:\/\/gobernacionaltaverapaz.gob.gt\/index.php?rest_route=%2Fwp%2Fv2%2Ftags&post=6758"}],"curies":[{"name":"wp","href":"https:\/\/api.w.org\/{rel}","templated":true}]}}