{"id":6777,"date":"2019-08-09T11:09:33","date_gmt":"2019-08-09T17:09:33","guid":{"rendered":"http:\/\/gobernacionaltaverapaz.gob.gt\/?p=6777"},"modified":"2019-08-13T08:45:04","modified_gmt":"2019-08-13T14:45:04","slug":"lanzamiento-del-libro-tactic-el-corazn-del-mundo","status":"publish","type":"post","link":"https:\/\/gobernacionaltaverapaz.gob.gt\/?p=6777","title":{"rendered":"Lanzamiento del libro &#8220;Tactic, El Coraz\u00f3n del Mundo\u201d"},"content":{"rendered":"<p style=\"text-align: justify;\">En el municipio del mismo nombre de dicha obra, se realiz\u00f3 acto protocolario donde el Reverendo Padre, Ricardo Terga, dio a conocer su obra literaria en el que plasma informaci\u00f3n y la reconstrucci\u00f3n de la historia del municipio, as\u00ed mismo los provenientes de la identidad y denominaci\u00f3n de los habitantes.<\/p>\n<p style=\"text-align: justify;\">Hasta el momento tiene a la venta 300 ejemplares; en la activid<span class=\"textexposedshow\">ad estuvieron presentes; Gobernador Departamental de Ata Verapaz, Obispo de la Verapaz, Sacerdote de Santa Cruz, Alcalde Municipal de Tactic y personas invitadas.<\/span><\/p>\n<div><\/div>\n<p>&nbsp;<\/p>\n<p><a href=\"https:\/\/www.facebook.com\/GobernacionAV\/photos\/pcb.864498527266078\/864404960608768\/?type=3&amp;theater\" target=\"_blank\" rel=\"noopener\"><img decoding=\"async\" loading=\"lazy\" class=\"alignnone wp-image-3872\" title=\"Ver galer\u00eda en Facebook\" src=\"http:\/\/gobernacionaltaverapaz.gob.gt\/wp-content\/uploads\/2019\/05\/boton-galeria_fotos-150x150-300x99.jpg\" alt=\"\" width=\"173\" height=\"57\" \/><\/a><\/p>\n","protected":false},"excerpt":{"rendered":"<p>Acto protocolario donde el Reverendo Padre, Ricardo Terga, dio a conocer su obra literaria en el que plasma informaci\u00f3n y la reconstrucci\u00f3n de la historia del municipio.<\/p>\n","protected":false},"author":1,"featured_media":6788,"comment_status":"closed","ping_status":"open","sticky":false,"template":"","format":"gallery","meta":[],"categories":[2],"tags":[178],"_links":{"self":[{"href":"https:\/\/gobernacionaltaverapaz.gob.gt\/index.php?rest_route=\/wp\/v2\/posts\/6777"}],"collection":[{"href":"https:\/\/gobernacionaltaverapaz.gob.gt\/index.php?rest_route=\/wp\/v2\/posts"}],"about":[{"href":"https:\/\/gobernacionaltaverapaz.gob.gt\/index.php?rest_route=\/wp\/v2\/types\/post"}],"author":[{"embeddable":true,"href":"https:\/\/gobernacionaltaverapaz.gob.gt\/index.php?rest_route=\/wp\/v2\/users\/1"}],"replies":[{"embeddable":true,"href":"https:\/\/gobernacionaltaverapaz.gob.gt\/index.php?rest_route=%2Fwp%2Fv2%2Fcomments&post=6777"}],"version-history":[{"count":6,"href":"https:\/\/gobernacionaltaverapaz.gob.gt\/index.php?rest_route=\/wp\/v2\/posts\/6777\/revisions"}],"predecessor-version":[{"id":6803,"href":"https:\/\/gobernacionaltaverapaz.gob.gt\/index.php?rest_route=\/wp\/v2\/posts\/6777\/revisions\/6803"}],"wp:featuredmedia":[{"embeddable":true,"href":"https:\/\/gobernacionaltaverapaz.gob.gt\/index.php?rest_route=\/wp\/v2\/media\/6788"}],"wp:attachment":[{"href":"https:\/\/gobernacionaltaverapaz.gob.gt\/index.php?rest_route=%2Fwp%2Fv2%2Fmedia&parent=6777"}],"wp:term":[{"taxonomy":"category","embeddable":true,"href":"https:\/\/gobernacionaltaverapaz.gob.gt\/index.php?rest_route=%2Fwp%2Fv2%2Fcategories&post=6777"},{"taxonomy":"post_tag","embeddable":true,"href":"https:\/\/gobernacionaltaverapaz.gob.gt\/index.php?rest_route=%2Fwp%2Fv2%2Ftags&post=6777"}],"curies":[{"name":"wp","href":"https:\/\/api.w.org\/{rel}","templated":true}]}}