{"id":6794,"date":"2019-08-12T16:38:07","date_gmt":"2019-08-12T22:38:07","guid":{"rendered":"http:\/\/gobernacionaltaverapaz.gob.gt\/?p=6794"},"modified":"2019-08-13T10:07:01","modified_gmt":"2019-08-13T16:07:01","slug":"mesa-de-coordinacin-proyectos-de-emprendimiento-juvenil","status":"publish","type":"post","link":"https:\/\/gobernacionaltaverapaz.gob.gt\/?p=6794","title":{"rendered":"Mesa de coordinaci\u00f3n, proyectos de emprendimiento juvenil"},"content":{"rendered":"<p style=\"text-align: justify;\">Dentro del palacio de Gobernaci\u00f3n Departamental de Alta Verapaz, Gob. M.A. Erik Nolberto Guerrero Mili\u00e1n, se reuni\u00f3 con representantes de la organizaci\u00f3n internacional holandesa -ICCO COOPERACI\u00d3N- y Asociaci\u00f3n Cristiana de J\u00f3venes -ACJ-.<\/p>\n<p style=\"text-align: justify;\">Los objetivos de dicha reuni\u00f3n fueron; buscar alternativas para la implementaci\u00f3n de proyectos juveniles en el departamento de Alta Verapaz, -ACJ-; buscar realizar actividades diversas y proyectarse a la comunidad particularmente con los ni\u00f1os y ni\u00f1as y otros j\u00f3venes. -ICCO COOPERACI\u00d3N-; Contribuir en la reducci\u00f3n de la pobreza y de la desigualdad, asegurando medios de vida sostenibles, justicia, dignidad y seguridad.<\/p>\n<p style=\"text-align: justify;\">Con ello promover y fortalecer el trabajo de gente emprendedora en el departamento.<\/p>\n<div><\/div>\n<p>&nbsp;<\/p>\n<p><a href=\"https:\/\/www.facebook.com\/GobernacionAV\/photos\/pcb.866730030376261\/866667910382473\/?type=3&amp;theater\" target=\"_blank\" rel=\"noopener\"><img decoding=\"async\" loading=\"lazy\" class=\"alignnone wp-image-3872\" title=\"Ver galer\u00eda en Facebook\" src=\"http:\/\/gobernacionaltaverapaz.gob.gt\/wp-content\/uploads\/2019\/05\/boton-galeria_fotos-150x150-300x99.jpg\" alt=\"\" width=\"188\" height=\"62\" \/><\/a><\/p>\n","protected":false},"excerpt":{"rendered":"<p>Con ello promover y fortalecer el trabajo de gente emprendedora en el departamento.<\/p>\n","protected":false},"author":1,"featured_media":6796,"comment_status":"closed","ping_status":"open","sticky":false,"template":"","format":"gallery","meta":[],"categories":[191],"tags":[178],"_links":{"self":[{"href":"https:\/\/gobernacionaltaverapaz.gob.gt\/index.php?rest_route=\/wp\/v2\/posts\/6794"}],"collection":[{"href":"https:\/\/gobernacionaltaverapaz.gob.gt\/index.php?rest_route=\/wp\/v2\/posts"}],"about":[{"href":"https:\/\/gobernacionaltaverapaz.gob.gt\/index.php?rest_route=\/wp\/v2\/types\/post"}],"author":[{"embeddable":true,"href":"https:\/\/gobernacionaltaverapaz.gob.gt\/index.php?rest_route=\/wp\/v2\/users\/1"}],"replies":[{"embeddable":true,"href":"https:\/\/gobernacionaltaverapaz.gob.gt\/index.php?rest_route=%2Fwp%2Fv2%2Fcomments&post=6794"}],"version-history":[{"count":3,"href":"https:\/\/gobernacionaltaverapaz.gob.gt\/index.php?rest_route=\/wp\/v2\/posts\/6794\/revisions"}],"predecessor-version":[{"id":6811,"href":"https:\/\/gobernacionaltaverapaz.gob.gt\/index.php?rest_route=\/wp\/v2\/posts\/6794\/revisions\/6811"}],"wp:featuredmedia":[{"embeddable":true,"href":"https:\/\/gobernacionaltaverapaz.gob.gt\/index.php?rest_route=\/wp\/v2\/media\/6796"}],"wp:attachment":[{"href":"https:\/\/gobernacionaltaverapaz.gob.gt\/index.php?rest_route=%2Fwp%2Fv2%2Fmedia&parent=6794"}],"wp:term":[{"taxonomy":"category","embeddable":true,"href":"https:\/\/gobernacionaltaverapaz.gob.gt\/index.php?rest_route=%2Fwp%2Fv2%2Fcategories&post=6794"},{"taxonomy":"post_tag","embeddable":true,"href":"https:\/\/gobernacionaltaverapaz.gob.gt\/index.php?rest_route=%2Fwp%2Fv2%2Ftags&post=6794"}],"curies":[{"name":"wp","href":"https:\/\/api.w.org\/{rel}","templated":true}]}}