{"id":6842,"date":"2019-08-13T09:47:18","date_gmt":"2019-08-13T15:47:18","guid":{"rendered":"http:\/\/gobernacionaltaverapaz.gob.gt\/?p=6842"},"modified":"2019-08-13T14:41:41","modified_gmt":"2019-08-13T20:41:41","slug":"finalizacin-de-feria-cobn-2019-homenaje-como-ciudadano-distinguido-al-seor-estaban-pop-caal","status":"publish","type":"post","link":"https:\/\/gobernacionaltaverapaz.gob.gt\/?p=6842","title":{"rendered":"Finalizaci\u00f3n de Feria Cob\u00e1n 2019 y homenaje como Ciudadano Distinguido al Se\u00f1or Esteban Pop Caal"},"content":{"rendered":"<p style=\"text-align: justify;\">Dentro de la municipalidad de Cob\u00e1n Alta Verapaz, se realiz\u00f3 acto de cierre de feria agosto 2019, en la misma la corporaci\u00f3n municipal en reuni\u00f3n de consejo No. 84 fue aprobado el homenaje al distinguido ciudadano Esteban Pop Caal, por su amplia trayectoria de formaci\u00f3n profesional y sus logros destacados dentro y fuera del Departamento de Alta Verapaz.<\/p>\n<p style=\"text-align: justify;\">Punto importante dentro de su curriculum del Se\u00f1or Estaban Pop, la fecha de condecoraci\u00f3n de un 25 de junio 1994, mediante un Acuerdo Gubernativo 320-94 donde le fue otorgada la Orden Nacional Francisco Marroqu\u00edn.<\/p>\n<p style=\"text-align: justify;\">Gob. M.A. Erik Nolberto Guerrero Mili\u00e1n, expreso; &#8220;detallar 3 momentos importantes de este evento, primero; al equipo de trabajo CionLab por la exposici\u00f3n fotogr\u00e1fica y expresar el apoyo para realizar la misma presentaci\u00f3n dentro del Palacio de Gobernaci\u00f3n, segundo; felicito a la corporaci\u00f3n municipal por tomar en cuenta a personas tan elogiables e importantes del municipio de Cob\u00e1n, tercero; dar a conocer datos importantes sobre la seguridad de la feria en este municipio, por segunda ocasi\u00f3n, con hechos negativos, fallecidos 0, heridos 0, robo y hurto a veh\u00edculo 0, robo y hurto a motocicleta 0 y agresiones 0, con ello extender mis felicitaciones por el trabajo realizado a la Polic\u00eda Nacional Civil y Municipalidad de Cob\u00e1n&#8221;.<\/p>\n<p style=\"text-align: justify;\">Presentes; Corporaci\u00f3n Municipal de Cob\u00e1n, Gobernador Departamental, Equipo Ciolab, Familia Pop Caal y vecinos cobaneros.<\/p>\n<div><\/div>\n<p>&nbsp;<\/p>\n<p><a href=\"https:\/\/www.facebook.com\/GobernacionAV\/photos\/pcb.866743300374934\/866733017042629\/?type=3&amp;theater\" target=\"_blank\" rel=\"noopener\"><img decoding=\"async\" loading=\"lazy\" class=\"alignnone wp-image-3872\" title=\"Ver galer\u00eda en Facebook\" src=\"http:\/\/gobernacionaltaverapaz.gob.gt\/wp-content\/uploads\/2019\/05\/boton-galeria_fotos-150x150-300x99.jpg\" alt=\"\" width=\"197\" height=\"65\" \/><\/a><\/p>\n","protected":false},"excerpt":{"rendered":"<p>Por su amplia trayectoria de formaci\u00f3n profesional y sus logros destacados dentro y fuera del Departamento de Alta Verapaz.<\/p>\n","protected":false},"author":1,"featured_media":6843,"comment_status":"closed","ping_status":"open","sticky":false,"template":"","format":"gallery","meta":[],"categories":[183],"tags":[178],"_links":{"self":[{"href":"https:\/\/gobernacionaltaverapaz.gob.gt\/index.php?rest_route=\/wp\/v2\/posts\/6842"}],"collection":[{"href":"https:\/\/gobernacionaltaverapaz.gob.gt\/index.php?rest_route=\/wp\/v2\/posts"}],"about":[{"href":"https:\/\/gobernacionaltaverapaz.gob.gt\/index.php?rest_route=\/wp\/v2\/types\/post"}],"author":[{"embeddable":true,"href":"https:\/\/gobernacionaltaverapaz.gob.gt\/index.php?rest_route=\/wp\/v2\/users\/1"}],"replies":[{"embeddable":true,"href":"https:\/\/gobernacionaltaverapaz.gob.gt\/index.php?rest_route=%2Fwp%2Fv2%2Fcomments&post=6842"}],"version-history":[{"count":8,"href":"https:\/\/gobernacionaltaverapaz.gob.gt\/index.php?rest_route=\/wp\/v2\/posts\/6842\/revisions"}],"predecessor-version":[{"id":6862,"href":"https:\/\/gobernacionaltaverapaz.gob.gt\/index.php?rest_route=\/wp\/v2\/posts\/6842\/revisions\/6862"}],"wp:featuredmedia":[{"embeddable":true,"href":"https:\/\/gobernacionaltaverapaz.gob.gt\/index.php?rest_route=\/wp\/v2\/media\/6843"}],"wp:attachment":[{"href":"https:\/\/gobernacionaltaverapaz.gob.gt\/index.php?rest_route=%2Fwp%2Fv2%2Fmedia&parent=6842"}],"wp:term":[{"taxonomy":"category","embeddable":true,"href":"https:\/\/gobernacionaltaverapaz.gob.gt\/index.php?rest_route=%2Fwp%2Fv2%2Fcategories&post=6842"},{"taxonomy":"post_tag","embeddable":true,"href":"https:\/\/gobernacionaltaverapaz.gob.gt\/index.php?rest_route=%2Fwp%2Fv2%2Ftags&post=6842"}],"curies":[{"name":"wp","href":"https:\/\/api.w.org\/{rel}","templated":true}]}}