{"id":6886,"date":"2019-08-15T10:52:56","date_gmt":"2019-08-15T16:52:56","guid":{"rendered":"http:\/\/gobernacionaltaverapaz.gob.gt\/?p=6886"},"modified":"2019-08-16T10:39:55","modified_gmt":"2019-08-16T16:39:55","slug":"primer-encuentro-pedaggico-docentes-de-telesecundaria-nivel-nacional","status":"publish","type":"post","link":"https:\/\/gobernacionaltaverapaz.gob.gt\/?p=6886","title":{"rendered":"Primer Encuentro Pedag\u00f3gico Docentes de Telesecundaria a Nivel Nacional"},"content":{"rendered":"<p style=\"text-align: justify;\">Con la participaci\u00f3n de docentes de Telesecundaria, estos de catorce departamentos del pa\u00eds, hicieron part\u00edcipes en el \u201cPrimer Encuentro Pedag\u00f3gico Docentes de Telesecundaria a Nivel Nacional\u201d.<\/p>\n<p style=\"text-align: justify;\">Con presencia del Ministro de Educaci\u00f3n, Oscar Hugo L\u00f3pez Rivas, en el cual expres\u00f3; \u201cNoventa y cuatro reuniones pasaron para que resolvieran el problema de Telesecundaria, no es f\u00e1cil pero es lo que valo<span class=\"textexposedshow\">ro de mi equipo de trabajo el cual cada uno de ellos hicieron para avanzar, hoy ustedes pasan a hacer parte del rengl\u00f3n 011\u201d.<\/span><\/p>\n<p style=\"text-align: justify;\">Presentes mesa principal: Gob. M.A. Erik Nolberto Guerrero Mili\u00e1n, Ministerio de Educaci\u00f3n; Dr. \u00d3scar Hugo L\u00f3pez Rivas, Ministro de Educaci\u00f3n, Lic. H\u00e9ctor Canto, viceministro T\u00e9cnico, Lic. Walter Cabrera, Director de Recursos Humanos, Lic. Abilio Gir\u00f3n, Asesor del Despacho, Lcda. Mar\u00eda Eugenia Barrios, viceministra administrativa y Lic. Edgar Antonio Chen Bac, Director Departamental de Educaci\u00f3n.<\/p>\n<div><\/div>\n<p>&nbsp;<\/p>\n<p><a href=\"https:\/\/www.facebook.com\/GobernacionAV\/photos\/pcb.868462853536312\/868460420203222\/?type=3&amp;theater\" target=\"_blank\" rel=\"noopener\"><img decoding=\"async\" loading=\"lazy\" class=\"alignnone wp-image-3872\" title=\"Ver galer\u00eda en Facebook\" src=\"http:\/\/gobernacionaltaverapaz.gob.gt\/wp-content\/uploads\/2019\/05\/boton-galeria_fotos-150x150-300x99.jpg\" alt=\"\" width=\"182\" height=\"60\" \/><\/a><\/p>\n","protected":false},"excerpt":{"rendered":"<p>Con la participaci\u00f3n de docentes de Telesecundaria, estos de catorce departamentos del pa\u00eds, hicieron part\u00edcipes en el \u201cPrimer Encuentro Pedag\u00f3gico Docentes de Telesecundaria a Nivel Nacional\u201d. Con presencia del Ministro de Educaci\u00f3n, Oscar Hugo L\u00f3pez Rivas, en el cual expres\u00f3; \u201cNoventa y cuatro reuniones pasaron para que resolvieran el problema de Telesecundaria, no es f\u00e1cil [&hellip;]<\/p>\n","protected":false},"author":1,"featured_media":6887,"comment_status":"closed","ping_status":"open","sticky":false,"template":"","format":"gallery","meta":[],"categories":[191],"tags":[178],"_links":{"self":[{"href":"https:\/\/gobernacionaltaverapaz.gob.gt\/index.php?rest_route=\/wp\/v2\/posts\/6886"}],"collection":[{"href":"https:\/\/gobernacionaltaverapaz.gob.gt\/index.php?rest_route=\/wp\/v2\/posts"}],"about":[{"href":"https:\/\/gobernacionaltaverapaz.gob.gt\/index.php?rest_route=\/wp\/v2\/types\/post"}],"author":[{"embeddable":true,"href":"https:\/\/gobernacionaltaverapaz.gob.gt\/index.php?rest_route=\/wp\/v2\/users\/1"}],"replies":[{"embeddable":true,"href":"https:\/\/gobernacionaltaverapaz.gob.gt\/index.php?rest_route=%2Fwp%2Fv2%2Fcomments&post=6886"}],"version-history":[{"count":2,"href":"https:\/\/gobernacionaltaverapaz.gob.gt\/index.php?rest_route=\/wp\/v2\/posts\/6886\/revisions"}],"predecessor-version":[{"id":6906,"href":"https:\/\/gobernacionaltaverapaz.gob.gt\/index.php?rest_route=\/wp\/v2\/posts\/6886\/revisions\/6906"}],"wp:featuredmedia":[{"embeddable":true,"href":"https:\/\/gobernacionaltaverapaz.gob.gt\/index.php?rest_route=\/wp\/v2\/media\/6887"}],"wp:attachment":[{"href":"https:\/\/gobernacionaltaverapaz.gob.gt\/index.php?rest_route=%2Fwp%2Fv2%2Fmedia&parent=6886"}],"wp:term":[{"taxonomy":"category","embeddable":true,"href":"https:\/\/gobernacionaltaverapaz.gob.gt\/index.php?rest_route=%2Fwp%2Fv2%2Fcategories&post=6886"},{"taxonomy":"post_tag","embeddable":true,"href":"https:\/\/gobernacionaltaverapaz.gob.gt\/index.php?rest_route=%2Fwp%2Fv2%2Ftags&post=6886"}],"curies":[{"name":"wp","href":"https:\/\/api.w.org\/{rel}","templated":true}]}}