{"id":6907,"date":"2019-08-15T14:04:59","date_gmt":"2019-08-15T20:04:59","guid":{"rendered":"http:\/\/gobernacionaltaverapaz.gob.gt\/?p=6907"},"modified":"2019-08-16T11:06:47","modified_gmt":"2019-08-16T17:06:47","slug":"seleccin-de-alta-verapaz-campeones-en-juegos-nacionales-escolares","status":"publish","type":"post","link":"https:\/\/gobernacionaltaverapaz.gob.gt\/?p=6907","title":{"rendered":"Selecci\u00f3n de Alta Verapaz, campeones en juegos nacionales escolares"},"content":{"rendered":"<p style=\"text-align: justify;\">La selecci\u00f3n de Voleibol Escolar de Alta Verapaz, con participaci\u00f3n de 12 ni\u00f1os del departamento, participaron en los juegos nacionales escolares, realizado en el departamento de Retalhuleu el 04 al 09 de Agosto del presente a\u00f1o.<\/p>\n<p style=\"text-align: justify;\">El triunfo del Primer Lugar fue dedicado al Se\u00f1or Gobernador Departamental de Alta Verapaz M.A. Erik Nolberto Guerrero Mili\u00e1n, por el apoyo incondicional al equipo en su participaci\u00f3n a dichos juegos escolares, por tal motivo en el despacho del Gobernador se le coloco la medalla del triunfo.<\/p>\n<p style=\"text-align: justify;\">La selecci\u00f3n de Voleibol viajara a los Juegos Centro Americanos Escolares en Costa Rica, representando a Guatemala, el 15 y 22 de Octubre.<\/p>\n<p style=\"text-align: justify;\">Cuerpo t\u00e9cnico est\u00e1 integrado por: Rodrigo Ja Iqui, Helmer Yalibat y V\u00edctor Cuc Macz.<\/p>\n<div><\/div>\n","protected":false},"excerpt":{"rendered":"<p>La selecci\u00f3n de Voleibol Escolar de Alta Verapaz, con participaci\u00f3n de 12 ni\u00f1os del departamento, participaron en los juegos nacionales escolares, realizado en el departamento de Retalhuleu el 04 al 09 de Agosto del presente a\u00f1o. El triunfo del Primer Lugar fue dedicado al Se\u00f1or Gobernador Departamental de Alta Verapaz M.A. Erik Nolberto Guerrero Mili\u00e1n, [&hellip;]<\/p>\n","protected":false},"author":1,"featured_media":6910,"comment_status":"closed","ping_status":"open","sticky":false,"template":"","format":"gallery","meta":[],"categories":[177],"tags":[178],"_links":{"self":[{"href":"https:\/\/gobernacionaltaverapaz.gob.gt\/index.php?rest_route=\/wp\/v2\/posts\/6907"}],"collection":[{"href":"https:\/\/gobernacionaltaverapaz.gob.gt\/index.php?rest_route=\/wp\/v2\/posts"}],"about":[{"href":"https:\/\/gobernacionaltaverapaz.gob.gt\/index.php?rest_route=\/wp\/v2\/types\/post"}],"author":[{"embeddable":true,"href":"https:\/\/gobernacionaltaverapaz.gob.gt\/index.php?rest_route=\/wp\/v2\/users\/1"}],"replies":[{"embeddable":true,"href":"https:\/\/gobernacionaltaverapaz.gob.gt\/index.php?rest_route=%2Fwp%2Fv2%2Fcomments&post=6907"}],"version-history":[{"count":2,"href":"https:\/\/gobernacionaltaverapaz.gob.gt\/index.php?rest_route=\/wp\/v2\/posts\/6907\/revisions"}],"predecessor-version":[{"id":6912,"href":"https:\/\/gobernacionaltaverapaz.gob.gt\/index.php?rest_route=\/wp\/v2\/posts\/6907\/revisions\/6912"}],"wp:featuredmedia":[{"embeddable":true,"href":"https:\/\/gobernacionaltaverapaz.gob.gt\/index.php?rest_route=\/wp\/v2\/media\/6910"}],"wp:attachment":[{"href":"https:\/\/gobernacionaltaverapaz.gob.gt\/index.php?rest_route=%2Fwp%2Fv2%2Fmedia&parent=6907"}],"wp:term":[{"taxonomy":"category","embeddable":true,"href":"https:\/\/gobernacionaltaverapaz.gob.gt\/index.php?rest_route=%2Fwp%2Fv2%2Fcategories&post=6907"},{"taxonomy":"post_tag","embeddable":true,"href":"https:\/\/gobernacionaltaverapaz.gob.gt\/index.php?rest_route=%2Fwp%2Fv2%2Ftags&post=6907"}],"curies":[{"name":"wp","href":"https:\/\/api.w.org\/{rel}","templated":true}]}}