{"id":6928,"date":"2019-08-16T10:29:32","date_gmt":"2019-08-16T16:29:32","guid":{"rendered":"http:\/\/gobernacionaltaverapaz.gob.gt\/?p=6928"},"modified":"2019-08-20T08:15:25","modified_gmt":"2019-08-20T14:15:25","slug":"desfile-inaugural-de-feria-tactic-alta-verapaz-2019","status":"publish","type":"post","link":"https:\/\/gobernacionaltaverapaz.gob.gt\/?p=6928","title":{"rendered":"Desfile Inaugural de Feria Tactic, Alta Verapaz 2019"},"content":{"rendered":"<p style=\"text-align: justify;\">En honor a su santa patrona &#8220;Virgen de la Asunci\u00f3n&#8221;, se realiz\u00f3 el Desfile Inaugural de Feria, donde participaron 44 establecimientos educativos del nivel, preprimaria y primaria de los sectores p\u00fablicos y privados del \u00e1rea urbana y rural del municipio.<\/p>\n<p style=\"text-align: justify;\">Gob. M.A. Erik Nolberto Guerrero Mili\u00e1n, expreso; &#8220;Que la celebraci\u00f3n de estas fiestas se realice de manera arm\u00f3nica y pac\u00edfica, con esto dar bienvenida a los visitantes a las<span class=\"textexposedshow\"> diferentes actividades programadas para esta feria, en gesti\u00f3n de Gobernaci\u00f3n Departamental y Alcalde Municipal hemos coordinado el trasladado elementos de la Polic\u00eda Nacional Civil para brindar la seguridad necesaria y que acontezca en su finalidad sin ninguna novedad. Se me ha dado el enorme privilegio en representaci\u00f3n del Se\u00f1or Presidente Constitucional Jimmy Morales, en el departamento; dar por inaugurada esta feria 2019&#8243;.<\/span><\/p>\n<p style=\"text-align: justify;\">Tactic fue fundado en 1545, es un municipio ubicado en el suroccidente del departamento de Alta Verapaz, en la Rep\u00fablica de Guatemala.<\/p>\n<div><\/div>\n<p>&nbsp;<\/p>\n<p><a href=\"https:\/\/www.facebook.com\/GobernacionAV\/photos\/pcb.869051310144133\/869035520145712\/?type=3&amp;theater\" target=\"_blank\" rel=\"noopener\"><img decoding=\"async\" loading=\"lazy\" class=\"alignnone wp-image-3872\" title=\"Ver galer\u00eda en Facebook\" src=\"http:\/\/gobernacionaltaverapaz.gob.gt\/wp-content\/uploads\/2019\/05\/boton-galeria_fotos-150x150-300x99.jpg\" alt=\"\" width=\"182\" height=\"60\" \/><\/a><\/p>\n","protected":false},"excerpt":{"rendered":"<p>En honor a su santa patrona &#8220;Virgen de la Asunci\u00f3n&#8221;.<\/p>\n","protected":false},"author":1,"featured_media":6929,"comment_status":"closed","ping_status":"open","sticky":false,"template":"","format":"gallery","meta":[],"categories":[183],"tags":[178],"_links":{"self":[{"href":"https:\/\/gobernacionaltaverapaz.gob.gt\/index.php?rest_route=\/wp\/v2\/posts\/6928"}],"collection":[{"href":"https:\/\/gobernacionaltaverapaz.gob.gt\/index.php?rest_route=\/wp\/v2\/posts"}],"about":[{"href":"https:\/\/gobernacionaltaverapaz.gob.gt\/index.php?rest_route=\/wp\/v2\/types\/post"}],"author":[{"embeddable":true,"href":"https:\/\/gobernacionaltaverapaz.gob.gt\/index.php?rest_route=\/wp\/v2\/users\/1"}],"replies":[{"embeddable":true,"href":"https:\/\/gobernacionaltaverapaz.gob.gt\/index.php?rest_route=%2Fwp%2Fv2%2Fcomments&post=6928"}],"version-history":[{"count":2,"href":"https:\/\/gobernacionaltaverapaz.gob.gt\/index.php?rest_route=\/wp\/v2\/posts\/6928\/revisions"}],"predecessor-version":[{"id":6947,"href":"https:\/\/gobernacionaltaverapaz.gob.gt\/index.php?rest_route=\/wp\/v2\/posts\/6928\/revisions\/6947"}],"wp:featuredmedia":[{"embeddable":true,"href":"https:\/\/gobernacionaltaverapaz.gob.gt\/index.php?rest_route=\/wp\/v2\/media\/6929"}],"wp:attachment":[{"href":"https:\/\/gobernacionaltaverapaz.gob.gt\/index.php?rest_route=%2Fwp%2Fv2%2Fmedia&parent=6928"}],"wp:term":[{"taxonomy":"category","embeddable":true,"href":"https:\/\/gobernacionaltaverapaz.gob.gt\/index.php?rest_route=%2Fwp%2Fv2%2Fcategories&post=6928"},{"taxonomy":"post_tag","embeddable":true,"href":"https:\/\/gobernacionaltaverapaz.gob.gt\/index.php?rest_route=%2Fwp%2Fv2%2Ftags&post=6928"}],"curies":[{"name":"wp","href":"https:\/\/api.w.org\/{rel}","templated":true}]}}