{"id":6982,"date":"2019-08-20T08:21:45","date_gmt":"2019-08-20T14:21:45","guid":{"rendered":"http:\/\/gobernacionaltaverapaz.gob.gt\/?p=6982"},"modified":"2019-08-22T11:58:28","modified_gmt":"2019-08-22T17:58:28","slug":"taller-de-sensibilizacin-carcha-av","status":"publish","type":"post","link":"https:\/\/gobernacionaltaverapaz.gob.gt\/?p=6982","title":{"rendered":"Taller de Sensibilizaci\u00f3n Carch\u00e1 A.V."},"content":{"rendered":"<p style=\"text-align: justify;\">Se realiz\u00f3 Taller de Sensibilizaci\u00f3n del Caso de la Finca Nacional &#8220;SECAQUIB&#8221;, del Municipio de Carch\u00e1, Alta Verapaz, donde se inform\u00f3; sobre el proceso de estudios realizados por parte de Fondo de Tierras, establecer comunicaci\u00f3n entre comunitarios e instituciones del Estado.<\/p>\n<p style=\"text-align: justify;\">Gob. M.A. Erik Nolberto Guerrero Mili\u00e1n, dentro de su intervenci\u00f3n con el tema Gobernanza Local, expreso; &#8220;La importancia en la <span class=\"textexposedshow\">b\u00fasqueda de la paz entre hermanos, el respeto hacia las dem\u00e1s personas, pelear por nuestros derechos y cumplir con nuestras obligaciones. Fondo de Tierras est\u00e1 realizando un trabajo que abre puertas con oportunidades, como sobresalir de la pobreza, tener trabajo, respetar el medio ambiente y mejorar nuestra calidad de vida&#8221;.<\/span><\/p>\n<p style=\"text-align: justify;\">Instituciones participantes; Gobernaci\u00f3n Departamental A.V., COPREDEH, FONDO DE TIERRAS y PNC.<\/p>\n<div><\/div>\n","protected":false},"excerpt":{"rendered":"<p>Fondo de Tierras est\u00e1 realizando un trabajo que abre puertas con oportunidades, como sobresalir de la pobreza, tener trabajo, respetar el medio ambiente y mejorar nuestra calidad de vida.<\/p>\n","protected":false},"author":1,"featured_media":6990,"comment_status":"closed","ping_status":"open","sticky":false,"template":"","format":"standard","meta":[],"categories":[191],"tags":[178],"_links":{"self":[{"href":"https:\/\/gobernacionaltaverapaz.gob.gt\/index.php?rest_route=\/wp\/v2\/posts\/6982"}],"collection":[{"href":"https:\/\/gobernacionaltaverapaz.gob.gt\/index.php?rest_route=\/wp\/v2\/posts"}],"about":[{"href":"https:\/\/gobernacionaltaverapaz.gob.gt\/index.php?rest_route=\/wp\/v2\/types\/post"}],"author":[{"embeddable":true,"href":"https:\/\/gobernacionaltaverapaz.gob.gt\/index.php?rest_route=\/wp\/v2\/users\/1"}],"replies":[{"embeddable":true,"href":"https:\/\/gobernacionaltaverapaz.gob.gt\/index.php?rest_route=%2Fwp%2Fv2%2Fcomments&post=6982"}],"version-history":[{"count":5,"href":"https:\/\/gobernacionaltaverapaz.gob.gt\/index.php?rest_route=\/wp\/v2\/posts\/6982\/revisions"}],"predecessor-version":[{"id":7072,"href":"https:\/\/gobernacionaltaverapaz.gob.gt\/index.php?rest_route=\/wp\/v2\/posts\/6982\/revisions\/7072"}],"wp:featuredmedia":[{"embeddable":true,"href":"https:\/\/gobernacionaltaverapaz.gob.gt\/index.php?rest_route=\/wp\/v2\/media\/6990"}],"wp:attachment":[{"href":"https:\/\/gobernacionaltaverapaz.gob.gt\/index.php?rest_route=%2Fwp%2Fv2%2Fmedia&parent=6982"}],"wp:term":[{"taxonomy":"category","embeddable":true,"href":"https:\/\/gobernacionaltaverapaz.gob.gt\/index.php?rest_route=%2Fwp%2Fv2%2Fcategories&post=6982"},{"taxonomy":"post_tag","embeddable":true,"href":"https:\/\/gobernacionaltaverapaz.gob.gt\/index.php?rest_route=%2Fwp%2Fv2%2Ftags&post=6982"}],"curies":[{"name":"wp","href":"https:\/\/api.w.org\/{rel}","templated":true}]}}