{"id":7009,"date":"2019-08-20T16:15:59","date_gmt":"2019-08-20T22:15:59","guid":{"rendered":"http:\/\/gobernacionaltaverapaz.gob.gt\/?p=7009"},"modified":"2019-08-22T10:34:43","modified_gmt":"2019-08-22T16:34:43","slug":"noche-de-gala-xxxi-juegos-florales-eduardo-lemus-dimas","status":"publish","type":"post","link":"https:\/\/gobernacionaltaverapaz.gob.gt\/?p=7009","title":{"rendered":"Noche de Gala, XXXI Juegos Florales &#8220;Eduardo Lemus Dimas&#8221;"},"content":{"rendered":"<p style=\"text-align: justify;\">Dentro del sal\u00f3n municipal del municipio de Tactic, Alta Verapaz, se realiz\u00f3 la noche de gala en su edici\u00f3n XXXI Juegos Florales &#8220;Eduardo Lemus Dimas&#8221;, el mismo dedicado a; Agrupaci\u00f3n Cultural &#8220;Amigos de la Marimba&#8221; y Juegos Florales Juveniles Nacionales &#8220;Carlos Salom\u00f3n L\u00f3pez Cantoral&#8221; de este municipio.<\/p>\n<p style=\"text-align: justify;\">Gob. M.A. Erik Nolberto Guerrero Mili\u00e1n, declaro; Ciudadano Distinguido al Se\u00f1or Alcalde Municipal de Tac<span class=\"textexposedshow\">tic, Lic. Edin Guerrero, por su contribuci\u00f3n al desarrollo del mencionado municipio. Por parte el honorable Concejo Municipal de esta Villa, declaro visitante distinguido al Doctor Nester Mauricio V\u00e1squez Pimentel, Presidente del Organismo Judicial.<\/span><\/p>\n<p style=\"text-align: justify;\">Reconocimientos a;<br \/>\nRama de Cuento:<br \/>\n1.- Flory de Gadea.- Salam\u00e1, Baja Verapaz.<br \/>\n2.- Edwin Fernando Castillo.- Tactic, Alta Verapaz.<br \/>\n3.- C\u00e9sar Augusto Luna Ort\u00edz.- Sn, Juan Sacatep\u00e9quez, Guat.<\/p>\n<p style=\"text-align: justify;\">RAMA DE POES\u00cdA:<\/p>\n<p>1.- Alfredo Mor\u00e1n.- Sta. Luc\u00eda Cotzumalguapa, Escuintla.<br \/>\n2.- Ana Mar\u00eda Gonz\u00e1lez.- Quetzaltenango.<br \/>\n3.- Filiberto Pinto Mar\u00edn.- Estanzuela, Zacapa.<\/p>\n<p style=\"text-align: justify;\">Se presenci\u00f3 con la visita de escritores de; Estanzuela Zacapa, Santa Luc\u00eda Cotzumalguapa, Quetzaltenango y Tactic, as\u00ed como la entrega de reconocimiento a la Marimba Mar\u00edm-Balam por amenizar el evento durante 8 a\u00f1os.<\/p>\n<div><\/div>\n","protected":false},"excerpt":{"rendered":"<p>El mismo dedicado a; Agrupaci\u00f3n Cultural &#8220;Amigos de la Marimba&#8221; y Juegos Florales Juveniles Nacionales &#8220;Carlos Salom\u00f3n L\u00f3pez Cantoral&#8221; de este municipio.<\/p>\n","protected":false},"author":1,"featured_media":7010,"comment_status":"closed","ping_status":"open","sticky":false,"template":"","format":"gallery","meta":[],"categories":[183,2],"tags":[178],"_links":{"self":[{"href":"https:\/\/gobernacionaltaverapaz.gob.gt\/index.php?rest_route=\/wp\/v2\/posts\/7009"}],"collection":[{"href":"https:\/\/gobernacionaltaverapaz.gob.gt\/index.php?rest_route=\/wp\/v2\/posts"}],"about":[{"href":"https:\/\/gobernacionaltaverapaz.gob.gt\/index.php?rest_route=\/wp\/v2\/types\/post"}],"author":[{"embeddable":true,"href":"https:\/\/gobernacionaltaverapaz.gob.gt\/index.php?rest_route=\/wp\/v2\/users\/1"}],"replies":[{"embeddable":true,"href":"https:\/\/gobernacionaltaverapaz.gob.gt\/index.php?rest_route=%2Fwp%2Fv2%2Fcomments&post=7009"}],"version-history":[{"count":2,"href":"https:\/\/gobernacionaltaverapaz.gob.gt\/index.php?rest_route=\/wp\/v2\/posts\/7009\/revisions"}],"predecessor-version":[{"id":7024,"href":"https:\/\/gobernacionaltaverapaz.gob.gt\/index.php?rest_route=\/wp\/v2\/posts\/7009\/revisions\/7024"}],"wp:featuredmedia":[{"embeddable":true,"href":"https:\/\/gobernacionaltaverapaz.gob.gt\/index.php?rest_route=\/wp\/v2\/media\/7010"}],"wp:attachment":[{"href":"https:\/\/gobernacionaltaverapaz.gob.gt\/index.php?rest_route=%2Fwp%2Fv2%2Fmedia&parent=7009"}],"wp:term":[{"taxonomy":"category","embeddable":true,"href":"https:\/\/gobernacionaltaverapaz.gob.gt\/index.php?rest_route=%2Fwp%2Fv2%2Fcategories&post=7009"},{"taxonomy":"post_tag","embeddable":true,"href":"https:\/\/gobernacionaltaverapaz.gob.gt\/index.php?rest_route=%2Fwp%2Fv2%2Ftags&post=7009"}],"curies":[{"name":"wp","href":"https:\/\/api.w.org\/{rel}","templated":true}]}}