{"id":7073,"date":"2019-08-22T12:18:46","date_gmt":"2019-08-22T18:18:46","guid":{"rendered":"http:\/\/gobernacionaltaverapaz.gob.gt\/?p=7073"},"modified":"2019-08-26T10:00:48","modified_gmt":"2019-08-26T16:00:48","slug":"entrega-oficial-de-la-oficina-de-atencin-la-conflictividad-en-alta-verapaz","status":"publish","type":"post","link":"https:\/\/gobernacionaltaverapaz.gob.gt\/?p=7073","title":{"rendered":"Entrega Oficial de Oficina de Atenci\u00f3n a la Conflictividad en Alta Verapaz"},"content":{"rendered":"<p style=\"text-align: justify;\">Dentro del sal\u00f3n de despacho de Gobernaci\u00f3n Departamental de Alta Verapaz, se realiz\u00f3 la lectura del acta que respalda como Oficina de Atenci\u00f3n a la Conflictividad en el Departamento y su equipamiento donado por GIZ, dentro de este Palacio de Gobernaci\u00f3n.<\/p>\n<p style=\"text-align: justify;\">Con ello mejorar la seguridad ciudadana, prevenir la violencia, transformar los conflictos y el di\u00e1logo.<\/p>\n<p style=\"text-align: justify;\">Presentes; Gobernaci\u00f3n A.V., SAA, Fondo de Tierras, MAGA, MARN y CONAP.<\/p>\n<p><img decoding=\"async\" loading=\"lazy\" class=\"alignnone wp-image-7074\" src=\"http:\/\/gobernacionaltaverapaz.gob.gt\/wp-content\/uploads\/2019\/08\/001-20-300x200.jpg\" alt=\"\" width=\"345\" height=\"230\" srcset=\"https:\/\/gobernacionaltaverapaz.gob.gt\/wp-content\/uploads\/2019\/08\/001-20-300x200.jpg 300w, https:\/\/gobernacionaltaverapaz.gob.gt\/wp-content\/uploads\/2019\/08\/001-20-768x512.jpg 768w, https:\/\/gobernacionaltaverapaz.gob.gt\/wp-content\/uploads\/2019\/08\/001-20.jpg 900w\" sizes=\"(max-width: 345px) 100vw, 345px\" \/> <img decoding=\"async\" loading=\"lazy\" class=\"alignnone wp-image-7075\" src=\"http:\/\/gobernacionaltaverapaz.gob.gt\/wp-content\/uploads\/2019\/08\/002-22-300x200.jpg\" alt=\"\" width=\"345\" height=\"230\" srcset=\"https:\/\/gobernacionaltaverapaz.gob.gt\/wp-content\/uploads\/2019\/08\/002-22-300x200.jpg 300w, https:\/\/gobernacionaltaverapaz.gob.gt\/wp-content\/uploads\/2019\/08\/002-22-768x512.jpg 768w, https:\/\/gobernacionaltaverapaz.gob.gt\/wp-content\/uploads\/2019\/08\/002-22.jpg 900w\" sizes=\"(max-width: 345px) 100vw, 345px\" \/> <img decoding=\"async\" loading=\"lazy\" class=\"alignnone wp-image-7076\" src=\"http:\/\/gobernacionaltaverapaz.gob.gt\/wp-content\/uploads\/2019\/08\/003-22-300x200.jpg\" alt=\"\" width=\"345\" height=\"230\" srcset=\"https:\/\/gobernacionaltaverapaz.gob.gt\/wp-content\/uploads\/2019\/08\/003-22-300x200.jpg 300w, https:\/\/gobernacionaltaverapaz.gob.gt\/wp-content\/uploads\/2019\/08\/003-22-768x512.jpg 768w, https:\/\/gobernacionaltaverapaz.gob.gt\/wp-content\/uploads\/2019\/08\/003-22.jpg 900w\" sizes=\"(max-width: 345px) 100vw, 345px\" \/> <img decoding=\"async\" loading=\"lazy\" class=\"alignnone wp-image-7077\" src=\"http:\/\/gobernacionaltaverapaz.gob.gt\/wp-content\/uploads\/2019\/08\/004-21-300x200.jpg\" alt=\"\" width=\"345\" height=\"230\" srcset=\"https:\/\/gobernacionaltaverapaz.gob.gt\/wp-content\/uploads\/2019\/08\/004-21-300x200.jpg 300w, https:\/\/gobernacionaltaverapaz.gob.gt\/wp-content\/uploads\/2019\/08\/004-21-768x512.jpg 768w, https:\/\/gobernacionaltaverapaz.gob.gt\/wp-content\/uploads\/2019\/08\/004-21.jpg 900w\" sizes=\"(max-width: 345px) 100vw, 345px\" \/> <img decoding=\"async\" loading=\"lazy\" class=\"alignnone wp-image-7078\" src=\"http:\/\/gobernacionaltaverapaz.gob.gt\/wp-content\/uploads\/2019\/08\/005-21-300x200.jpg\" alt=\"\" width=\"345\" height=\"230\" srcset=\"https:\/\/gobernacionaltaverapaz.gob.gt\/wp-content\/uploads\/2019\/08\/005-21-300x200.jpg 300w, https:\/\/gobernacionaltaverapaz.gob.gt\/wp-content\/uploads\/2019\/08\/005-21-768x512.jpg 768w, https:\/\/gobernacionaltaverapaz.gob.gt\/wp-content\/uploads\/2019\/08\/005-21.jpg 900w\" sizes=\"(max-width: 345px) 100vw, 345px\" \/> <img decoding=\"async\" loading=\"lazy\" class=\"alignnone wp-image-7079\" src=\"http:\/\/gobernacionaltaverapaz.gob.gt\/wp-content\/uploads\/2019\/08\/006-20-300x200.jpg\" alt=\"\" width=\"345\" height=\"230\" srcset=\"https:\/\/gobernacionaltaverapaz.gob.gt\/wp-content\/uploads\/2019\/08\/006-20-300x200.jpg 300w, https:\/\/gobernacionaltaverapaz.gob.gt\/wp-content\/uploads\/2019\/08\/006-20-768x512.jpg 768w, https:\/\/gobernacionaltaverapaz.gob.gt\/wp-content\/uploads\/2019\/08\/006-20.jpg 900w\" sizes=\"(max-width: 345px) 100vw, 345px\" \/><\/p>\n","protected":false},"excerpt":{"rendered":"<p>Con ello mejorar la seguridad ciudadana, prevenir la violencia, transformar los conflictos y el di\u00e1logo.<\/p>\n","protected":false},"author":1,"featured_media":7074,"comment_status":"closed","ping_status":"open","sticky":false,"template":"","format":"gallery","meta":[],"categories":[197],"tags":[178],"_links":{"self":[{"href":"https:\/\/gobernacionaltaverapaz.gob.gt\/index.php?rest_route=\/wp\/v2\/posts\/7073"}],"collection":[{"href":"https:\/\/gobernacionaltaverapaz.gob.gt\/index.php?rest_route=\/wp\/v2\/posts"}],"about":[{"href":"https:\/\/gobernacionaltaverapaz.gob.gt\/index.php?rest_route=\/wp\/v2\/types\/post"}],"author":[{"embeddable":true,"href":"https:\/\/gobernacionaltaverapaz.gob.gt\/index.php?rest_route=\/wp\/v2\/users\/1"}],"replies":[{"embeddable":true,"href":"https:\/\/gobernacionaltaverapaz.gob.gt\/index.php?rest_route=%2Fwp%2Fv2%2Fcomments&post=7073"}],"version-history":[{"count":4,"href":"https:\/\/gobernacionaltaverapaz.gob.gt\/index.php?rest_route=\/wp\/v2\/posts\/7073\/revisions"}],"predecessor-version":[{"id":7083,"href":"https:\/\/gobernacionaltaverapaz.gob.gt\/index.php?rest_route=\/wp\/v2\/posts\/7073\/revisions\/7083"}],"wp:featuredmedia":[{"embeddable":true,"href":"https:\/\/gobernacionaltaverapaz.gob.gt\/index.php?rest_route=\/wp\/v2\/media\/7074"}],"wp:attachment":[{"href":"https:\/\/gobernacionaltaverapaz.gob.gt\/index.php?rest_route=%2Fwp%2Fv2%2Fmedia&parent=7073"}],"wp:term":[{"taxonomy":"category","embeddable":true,"href":"https:\/\/gobernacionaltaverapaz.gob.gt\/index.php?rest_route=%2Fwp%2Fv2%2Fcategories&post=7073"},{"taxonomy":"post_tag","embeddable":true,"href":"https:\/\/gobernacionaltaverapaz.gob.gt\/index.php?rest_route=%2Fwp%2Fv2%2Ftags&post=7073"}],"curies":[{"name":"wp","href":"https:\/\/api.w.org\/{rel}","templated":true}]}}