{"id":7099,"date":"2019-08-23T14:00:41","date_gmt":"2019-08-23T20:00:41","guid":{"rendered":"http:\/\/gobernacionaltaverapaz.gob.gt\/?p=7099"},"modified":"2019-08-26T11:02:32","modified_gmt":"2019-08-26T17:02:32","slug":"reunin-comit-profestejos-patrios","status":"publish","type":"post","link":"https:\/\/gobernacionaltaverapaz.gob.gt\/?p=7099","title":{"rendered":"Reuni\u00f3n Comit\u00e9 Pro-Festejos Patrios"},"content":{"rendered":"<p style=\"text-align: justify;\">Se realiz\u00f3 primera reuni\u00f3n sobre las actividades del quince de septiembre del presente a\u00f1o, a realizarse en la cabecera departamental para conmemorar los 198 a\u00f1os de la firma del Acta de Independencia.<\/p>\n<p style=\"text-align: justify;\">En la misma se detallaron aspectos de coordinaci\u00f3n interinstitucional, elecci\u00f3n de gobernadores por un d\u00eda, desfile conmemorativo al quince de septiembre, actividades culturales y sociales.<\/p>\n<p style=\"text-align: justify;\">Presentes; Gobernaci\u00f3n Departamental, A.V., Ej\u00e9rcito de Guatemala, MINEDUC, Representante de Colegios Privados, Organizaciones Sociales y Municipalidad de Cob\u00e1n.<\/p>\n<p><img decoding=\"async\" loading=\"lazy\" class=\"alignnone wp-image-7100\" src=\"http:\/\/gobernacionaltaverapaz.gob.gt\/wp-content\/uploads\/2019\/08\/001-22-300x200.jpg\" alt=\"\" width=\"345\" height=\"230\" srcset=\"https:\/\/gobernacionaltaverapaz.gob.gt\/wp-content\/uploads\/2019\/08\/001-22-300x200.jpg 300w, https:\/\/gobernacionaltaverapaz.gob.gt\/wp-content\/uploads\/2019\/08\/001-22-768x512.jpg 768w, https:\/\/gobernacionaltaverapaz.gob.gt\/wp-content\/uploads\/2019\/08\/001-22.jpg 900w\" sizes=\"(max-width: 345px) 100vw, 345px\" \/> <img decoding=\"async\" loading=\"lazy\" class=\"alignnone wp-image-7101\" src=\"http:\/\/gobernacionaltaverapaz.gob.gt\/wp-content\/uploads\/2019\/08\/002-24-300x200.jpg\" alt=\"\" width=\"345\" height=\"230\" srcset=\"https:\/\/gobernacionaltaverapaz.gob.gt\/wp-content\/uploads\/2019\/08\/002-24-300x200.jpg 300w, https:\/\/gobernacionaltaverapaz.gob.gt\/wp-content\/uploads\/2019\/08\/002-24-768x512.jpg 768w, https:\/\/gobernacionaltaverapaz.gob.gt\/wp-content\/uploads\/2019\/08\/002-24.jpg 900w\" sizes=\"(max-width: 345px) 100vw, 345px\" \/> <img decoding=\"async\" loading=\"lazy\" class=\"alignnone wp-image-7102\" src=\"http:\/\/gobernacionaltaverapaz.gob.gt\/wp-content\/uploads\/2019\/08\/003-24-300x200.jpg\" alt=\"\" width=\"345\" height=\"230\" srcset=\"https:\/\/gobernacionaltaverapaz.gob.gt\/wp-content\/uploads\/2019\/08\/003-24-300x200.jpg 300w, https:\/\/gobernacionaltaverapaz.gob.gt\/wp-content\/uploads\/2019\/08\/003-24-768x512.jpg 768w, https:\/\/gobernacionaltaverapaz.gob.gt\/wp-content\/uploads\/2019\/08\/003-24.jpg 900w\" sizes=\"(max-width: 345px) 100vw, 345px\" \/> <img decoding=\"async\" loading=\"lazy\" class=\"alignnone wp-image-7103\" src=\"http:\/\/gobernacionaltaverapaz.gob.gt\/wp-content\/uploads\/2019\/08\/004-23-300x200.jpg\" alt=\"\" width=\"345\" height=\"230\" srcset=\"https:\/\/gobernacionaltaverapaz.gob.gt\/wp-content\/uploads\/2019\/08\/004-23-300x200.jpg 300w, https:\/\/gobernacionaltaverapaz.gob.gt\/wp-content\/uploads\/2019\/08\/004-23-768x512.jpg 768w, https:\/\/gobernacionaltaverapaz.gob.gt\/wp-content\/uploads\/2019\/08\/004-23.jpg 900w\" sizes=\"(max-width: 345px) 100vw, 345px\" \/> <img decoding=\"async\" loading=\"lazy\" class=\"alignnone wp-image-7104\" src=\"http:\/\/gobernacionaltaverapaz.gob.gt\/wp-content\/uploads\/2019\/08\/005-23-300x200.jpg\" alt=\"\" width=\"345\" height=\"230\" srcset=\"https:\/\/gobernacionaltaverapaz.gob.gt\/wp-content\/uploads\/2019\/08\/005-23-300x200.jpg 300w, https:\/\/gobernacionaltaverapaz.gob.gt\/wp-content\/uploads\/2019\/08\/005-23-768x512.jpg 768w, https:\/\/gobernacionaltaverapaz.gob.gt\/wp-content\/uploads\/2019\/08\/005-23.jpg 900w\" sizes=\"(max-width: 345px) 100vw, 345px\" \/> <img decoding=\"async\" loading=\"lazy\" class=\"alignnone wp-image-7105\" src=\"http:\/\/gobernacionaltaverapaz.gob.gt\/wp-content\/uploads\/2019\/08\/006-22-300x200.jpg\" alt=\"\" width=\"345\" height=\"230\" srcset=\"https:\/\/gobernacionaltaverapaz.gob.gt\/wp-content\/uploads\/2019\/08\/006-22-300x200.jpg 300w, https:\/\/gobernacionaltaverapaz.gob.gt\/wp-content\/uploads\/2019\/08\/006-22-768x512.jpg 768w, https:\/\/gobernacionaltaverapaz.gob.gt\/wp-content\/uploads\/2019\/08\/006-22.jpg 900w\" sizes=\"(max-width: 345px) 100vw, 345px\" \/><\/p>\n","protected":false},"excerpt":{"rendered":"<p>En la misma se detallaron aspectos de coordinaci\u00f3n interinstitucional, elecci\u00f3n de gobernadores por un d\u00eda, desfile conmemorativo al quince de septiembre, actividades culturales y sociales.<\/p>\n","protected":false},"author":1,"featured_media":7100,"comment_status":"closed","ping_status":"open","sticky":false,"template":"","format":"gallery","meta":[],"categories":[191,183],"tags":[178],"_links":{"self":[{"href":"https:\/\/gobernacionaltaverapaz.gob.gt\/index.php?rest_route=\/wp\/v2\/posts\/7099"}],"collection":[{"href":"https:\/\/gobernacionaltaverapaz.gob.gt\/index.php?rest_route=\/wp\/v2\/posts"}],"about":[{"href":"https:\/\/gobernacionaltaverapaz.gob.gt\/index.php?rest_route=\/wp\/v2\/types\/post"}],"author":[{"embeddable":true,"href":"https:\/\/gobernacionaltaverapaz.gob.gt\/index.php?rest_route=\/wp\/v2\/users\/1"}],"replies":[{"embeddable":true,"href":"https:\/\/gobernacionaltaverapaz.gob.gt\/index.php?rest_route=%2Fwp%2Fv2%2Fcomments&post=7099"}],"version-history":[{"count":1,"href":"https:\/\/gobernacionaltaverapaz.gob.gt\/index.php?rest_route=\/wp\/v2\/posts\/7099\/revisions"}],"predecessor-version":[{"id":7106,"href":"https:\/\/gobernacionaltaverapaz.gob.gt\/index.php?rest_route=\/wp\/v2\/posts\/7099\/revisions\/7106"}],"wp:featuredmedia":[{"embeddable":true,"href":"https:\/\/gobernacionaltaverapaz.gob.gt\/index.php?rest_route=\/wp\/v2\/media\/7100"}],"wp:attachment":[{"href":"https:\/\/gobernacionaltaverapaz.gob.gt\/index.php?rest_route=%2Fwp%2Fv2%2Fmedia&parent=7099"}],"wp:term":[{"taxonomy":"category","embeddable":true,"href":"https:\/\/gobernacionaltaverapaz.gob.gt\/index.php?rest_route=%2Fwp%2Fv2%2Fcategories&post=7099"},{"taxonomy":"post_tag","embeddable":true,"href":"https:\/\/gobernacionaltaverapaz.gob.gt\/index.php?rest_route=%2Fwp%2Fv2%2Ftags&post=7099"}],"curies":[{"name":"wp","href":"https:\/\/api.w.org\/{rel}","templated":true}]}}